{"id":99801,"date":"2023-05-05T12:32:59","date_gmt":"2023-05-05T15:32:59","guid":{"rendered":"https:\/\/primicias2262.com\/?p=99801"},"modified":"2023-05-05T12:32:59","modified_gmt":"2023-05-05T15:32:59","slug":"es-viable-la-pronta-instalacion-de-un-horno-crematorio-de-restos-humanos-en-la-ciudad","status":"publish","type":"post","link":"https:\/\/primicias2262.com\/noticias\/es-viable-la-pronta-instalacion-de-un-horno-crematorio-de-restos-humanos-en-la-ciudad\/","title":{"rendered":"Es viable la pronta instalaci\u00f3n de un horno crematorio de restos humanos en la ciudad"},"content":{"rendered":"<p><strong>As\u00ed lo anticiparon en \u201cVoces de la Ciudad\u201d, Jos\u00e9 Luis Picardi y Agust\u00edn Depierro, integrantes de la casa Depierro Picardi Srl., que solicitaron la posibilidad de instalar un horno crematorio en 91 y 92, donde est\u00e1 ubicado el cementerio local.<\/strong><\/p>\n<p>Los integrantes de la hist\u00f3rica firma funeraria se\u00f1alaron en charla con el periodista Hugo Arroyo que la ordenanza sobre la solicitud de instalar un horno crematorio de restos humanos se aprob\u00f3 en el Concejo Deliberante y ahora est\u00e1n a la espera de que salga el proyecto y que firme el Departamento Ejecutivo para arrancar manos a la obra.<\/p>\n<p>En primer t\u00e9rmino, Picardi se\u00f1al\u00f3 que \u201ces un proyecto que viene desde el a\u00f1o 2000\u00a0 o 2001, pero con la inflaci\u00f3n en aquellos a\u00f1os se par\u00f3 todo, ten\u00edamos un predio en Ruta 86 y calle 86, se hab\u00eda empezado la obra y se par\u00f3, qued\u00f3 en stand by, pero ahora con el empuje de los chicos decidimos encararlo. Es una obra muy costosa y viendo los lugares pensamos que el cementerio de Necochea es un lugar indicado para poder instalarlo\u201d.<\/p>\n<p>Por su parte, Agust\u00edn Depierro indic\u00f3 que el crematorio puede ser un beneficio para el cementerio y adem\u00e1s est\u00e1 cambiando mucho el h\u00e1bito: \u201cLa cremaci\u00f3n es un proceso que la gente, e incluso la iglesia misma, est\u00e1 aceptando, y eso nos llev\u00f3 a dar el empuje\u201d, revel\u00f3.<\/p>\n<p>Asimismo, distinta ser\u00eda la realidad en cuanto a costos. En ese aspecto, Picardi manifest\u00f3 que \u201cactualmente para cremaci\u00f3n estamos llevando a Miramar, hace varios a\u00f1os que tenemos un convenio con gente de all\u00e1 y nunca hemos tenido problemas ni quejas, pero tenerlo ac\u00e1 ser\u00eda mucho m\u00e1s sencillo para nosotros, que estamos viajando entre dos y tres veces por semana a Miramar\u201d.<\/p>\n<p>\u201cComo dec\u00eda Agust\u00edn, es un cambio cultural que estamos teniendo, no solo por la parte de cremaci\u00f3n, sino tambi\u00e9n la parte de sepelio y velatorios\u2026 es como que despu\u00e9s de la pandemia los velatorios son m\u00e1s cortitos y no se vela de noche, pero estamos trabajando igual\u201d, acot\u00f3.<\/p>\n\n<p>La casa Depierro Picardi Srl. es una empresa de trayectoria en Necochea, viene funcionando desde 1919: \u201cFue mi bisabuelo el que empez\u00f3 y estamos siguiendo el legado de ellos\u201d, asegur\u00f3 Picardi, quien dej\u00f3 en claro que \u201cno es un trabajo f\u00e1cil, no es algo lindo pero nosotros gracias a Dios estamos siguiendo el legado de los viejos. Yo soy el m\u00e1s viejo, est\u00e1 mi hijo Nacho y est\u00e1 Agust\u00edn, ellos son los que vienen con m\u00e1s fuerza y empujando\u201d, mientras que Agust\u00edn Depierro concluy\u00f3 que \u201cestamos hace 104 a\u00f1os, no solo es un trabajo intenso, sino que son las 24 horas que estamos abiertos, solo en contadas excepciones cerramos por algunas horas\u201d.<\/p>\n","protected":false},"excerpt":{"rendered":"<p>As\u00ed lo anticiparon en \u201cVoces de la Ciudad\u201d, Jos\u00e9 Luis Picardi y Agust\u00edn Depierro, integrantes de la casa Depierro Picardi Srl., que solicitaron la posibilidad de instalar un horno crematorio en 91 y 92, donde est\u00e1 ubicado el cementerio local. Los integrantes de la hist\u00f3rica firma funeraria se\u00f1alaron en charla con el periodista Hugo Arroyo [&hellip;]<\/p>\n","protected":false},"author":3,"featured_media":99803,"comment_status":"closed","ping_status":"closed","sticky":false,"template":"","format":"standard","meta":{"footnotes":""},"categories":[3],"tags":[],"class_list":["post-99801","post","type-post","status-publish","format-standard","has-post-thumbnail","category-masnoticias"],"_links":{"self":[{"href":"https:\/\/primicias2262.com\/noticias\/wp-json\/wp\/v2\/posts\/99801","targetHints":{"allow":["GET"]}}],"collection":[{"href":"https:\/\/primicias2262.com\/noticias\/wp-json\/wp\/v2\/posts"}],"about":[{"href":"https:\/\/primicias2262.com\/noticias\/wp-json\/wp\/v2\/types\/post"}],"author":[{"embeddable":true,"href":"https:\/\/primicias2262.com\/noticias\/wp-json\/wp\/v2\/users\/3"}],"replies":[{"embeddable":true,"href":"https:\/\/primicias2262.com\/noticias\/wp-json\/wp\/v2\/comments?post=99801"}],"version-history":[{"count":0,"href":"https:\/\/primicias2262.com\/noticias\/wp-json\/wp\/v2\/posts\/99801\/revisions"}],"wp:attachment":[{"href":"https:\/\/primicias2262.com\/noticias\/wp-json\/wp\/v2\/media?parent=99801"}],"wp:term":[{"taxonomy":"category","embeddable":true,"href":"https:\/\/primicias2262.com\/noticias\/wp-json\/wp\/v2\/categories?post=99801"},{"taxonomy":"post_tag","embeddable":true,"href":"https:\/\/primicias2262.com\/noticias\/wp-json\/wp\/v2\/tags?post=99801"}],"curies":[{"name":"wp","href":"https:\/\/api.w.org\/{rel}","templated":true}]}}