{"id":99818,"date":"2023-05-05T13:57:23","date_gmt":"2023-05-05T16:57:23","guid":{"rendered":"https:\/\/primicias2262.com\/?p=99818"},"modified":"2023-05-05T13:57:23","modified_gmt":"2023-05-05T16:57:23","slug":"por-favor-quien-no-se-haya-inscripto-a-los-subsidios-de-la-luz-y-el-gas-que-lo-haga","status":"publish","type":"post","link":"https:\/\/primicias2262.com\/noticias\/por-favor-quien-no-se-haya-inscripto-a-los-subsidios-de-la-luz-y-el-gas-que-lo-haga\/","title":{"rendered":"\u201cPor favor, quien no se haya inscripto a los subsidios de la luz y el gas, que lo haga\u201d"},"content":{"rendered":"<p><strong>As\u00ed de enf\u00e1tica fue la recomendaci\u00f3n de Silvia Jensen, quien asisti\u00f3 a los estudios de \u201cVoces de la Ciudad\u201d en su rol como integrante de la Red Nacional de Multisectoriales contra los tarifazos, convocada por el reciente anuncio de la quita de subsidios al consumo el\u00e9ctrico y el gas. Adem\u00e1s, se\u00f1al\u00f3 que est\u00e1n gestionando la aplicaci\u00f3n de \u201czona fr\u00eda\u201d en Necochea para los usuarios de gas envasado.<\/strong><\/p>\n<p>Respecto al primer tema, Silvia inform\u00f3 que la quita de subsidios es para la luz y el gas, para ambos servicios, y hay distintos niveles de usuarios: \u201cEst\u00e1n los del nivel 1 (N1) que son los que pierden la totalidad del subsidio, que son los que cuentan con ingresos superiores a los 450 mil pesos o que tienen m\u00e1s de dos viviendas\u201d.<\/p>\n<p>Es decir, \u201cdepende del poder adquisitivo es el nivel en el cual\u00a0 te encuadra la Secretar\u00eda de Energ\u00eda para quitarte los subsidios\u201d, sostuvo, mencionando como alivio que \u201cel Nivel 2 (N2) son los de menores ingresos, que no pierden el subsidio, y el nivel 3 son los que pierden una parte del subsidio y no la totalidad, pero tambi\u00e9n est\u00e1n sujetos al consumo. Por ejemplo en el caso de la luz, si consumen m\u00e1s de 400 kilowatts mensuales pierden el subsidio\u201d.<\/p>\n<p>Pero adem\u00e1s no solo es la quita de subsidio, \u201csino que ahora empieza a regir un aumento en el gas, que sumado a la quita del subsidio es un incremento realmente alto\u201d, alert\u00f3 Jensen, m\u00e1s el nuevo aumento de la luz que vendr\u00e1 a partir de junio.<\/p>\n<p>A partir de ello, explic\u00f3 quien a su vez es la secretaria del Concejo Deliberante local que \u201cesto va a generar inflaci\u00f3n, pero no es consecuencia de la inflaci\u00f3n, sino que se actualizan tarifas que estuvieron mucho tiempo congeladas por la pandemia, y segundo es por la deuda con el Fondo Monetario Internacional, que implica una serie de ajustes que tiene que llevar adelante el gobierno para cumplir con las metas fiscales que le impone el FMI\u201d.<\/p>\n<p>Aclarado ese punto, Silvia se\u00f1al\u00f3 que como integrante de la Red Nacional de Multisectoriales, se opuso durante el gobierno de Macri a los tarifazos, \u201cy por lo tanto tampoco estoy de acuerdo con esto, el impacto es grande. La luz a partir de junio, en la categor\u00eda R32, con promedios de consumo menor a 300 kilowatts mensuales, el aumento del kilowatt es entre el 32 y 36% desde junio, y los cargos fijos aumentan un 260%, que es lo que pagamos sin prender la luz. En el caso de los comercios, uno que consume menos de mil kilowatts mensuales, hoy paga el kilowatt a 15,94 $ y va a pasar a pagarlo 25,07 $, y en el caso del cargo fijo hoy paga 455,89 $ y va a pasar a pagar 1649,96 $\u201d.<\/p>\n<p>Ante esta situaci\u00f3n, baj\u00f3 un mensaje claro: \u201cLo que recomiendo a la gente es que quienes no se hayan inscripto para preservar los subsidios de ambos servicios, que lo haga. Si necesitan ayuda estoy a disposici\u00f3n, el a\u00f1o pasado hemos inscripto mucha gente y lo sigo haciendo, y recomendamos que lo hagan porque la diferencia es muy grande para quienes pierden el subsidio\u201d.<\/p>\n<p>En cuanto al gas, la salvedad es que Necochea fue incorporada a la \u201czona fr\u00eda\u201d y hay una diferencia enorme: \u201cAlguien que no tiene zona fr\u00eda hoy, en la categor\u00eda R34, que es la m\u00e1s alta, que consume m\u00e1s de 2200 metros c\u00fabicos anuales, y que no tiene subsidio va a pagar el metro c\u00fabico\u00a0 40,74 $. Alguien con zona fr\u00eda al 30% de descuento pero sin subsidio, paga el metro c\u00fabico a 28,52 $, y por eso es importante estar incorporados en \u201czona fr\u00eda\u201d porque la diferencia es muy grande, como as\u00ed en el cargo fijo\u201d.<\/p>\n<p>Seguidamente, insisti\u00f3 en que \u201cvuelvo a recomendar, por favor quien no se haya inscripto a los subsidios de la luz y el gas, que lo haga, y para quienes tengan la posibilidad de anotarse a la Tarifa Social (jubilados, pensionados, titulares de AUH, o Certificado de Discapacidad) que lo hagan porque ah\u00ed la diferencia es much\u00edsimo mayor y se puede acceder al 50% de descuento en el gas\u201d.<\/p>\n<p>Record\u00f3 respecto a la inscripci\u00f3n que sigue estando a disposici\u00f3n la p\u00e1gina web para la segmentaci\u00f3n de subsidios: \u201cEs simple anotarse, tienen que tener una factura de luz y gas a mano y no importa que no est\u00e9 a su nombre\u201d, aclar\u00f3, para recordar que \u201ctodos los que ya se inscribieron, no tienen que volver a hacerlo, ya est\u00e1n incorporados dentro del subsidio. Todos ten\u00edamos las tarifas subsidiadas, lo que pasa ahora es que perd\u00e9s el subsidio si no te anot\u00e1s, es decir, no es un descuento extra, sino es sostener lo que ya ten\u00edas\u201d.<\/p>\n<p><strong>Gestiones por \u00abZona Fr\u00eda\u00bb para usuarios que consumen gas envasado<\/strong><\/p>\n<p>Por \u00faltimo, Silvia coment\u00f3 que \u201cdesde la Multisectorial estamos tratando de gestionar para que se empiece a aplicar en Necochea la \u201czona fr\u00eda\u201d para todo lo que es el gas envasado, la garrafa de 10 kilos, de 12 kilos, el tubo y dem\u00e1s, que no se viene aplicando. La \u201czona fr\u00eda \u201csolo se aplica a los usuarios de gas en red y no a los de garrafa. Se est\u00e1n haciendo pruebas pilotos en el pa\u00eds y nosotros solicitamos para que en Necochea se empiece a aplicar, porque realmente es muy injusto que el beneficio de una ley que se aprob\u00f3 hace dos a\u00f1os solo sea para los usuarios de gas de red y no para los de garrafa, que en general son los de los sectores m\u00e1s vulnerables\u201d.<\/p>\n","protected":false},"excerpt":{"rendered":"<p>As\u00ed de enf\u00e1tica fue la recomendaci\u00f3n de Silvia Jensen, quien asisti\u00f3 a los estudios de \u201cVoces de la Ciudad\u201d en su rol como integrante de la Red Nacional de Multisectoriales contra los tarifazos, convocada por el reciente anuncio de la quita de subsidios al consumo el\u00e9ctrico y el gas. Adem\u00e1s, se\u00f1al\u00f3 que est\u00e1n gestionando la [&hellip;]<\/p>\n","protected":false},"author":3,"featured_media":99819,"comment_status":"closed","ping_status":"closed","sticky":false,"template":"","format":"standard","meta":{"footnotes":""},"categories":[3],"tags":[],"class_list":["post-99818","post","type-post","status-publish","format-standard","has-post-thumbnail","category-masnoticias"],"_links":{"self":[{"href":"https:\/\/primicias2262.com\/noticias\/wp-json\/wp\/v2\/posts\/99818","targetHints":{"allow":["GET"]}}],"collection":[{"href":"https:\/\/primicias2262.com\/noticias\/wp-json\/wp\/v2\/posts"}],"about":[{"href":"https:\/\/primicias2262.com\/noticias\/wp-json\/wp\/v2\/types\/post"}],"author":[{"embeddable":true,"href":"https:\/\/primicias2262.com\/noticias\/wp-json\/wp\/v2\/users\/3"}],"replies":[{"embeddable":true,"href":"https:\/\/primicias2262.com\/noticias\/wp-json\/wp\/v2\/comments?post=99818"}],"version-history":[{"count":0,"href":"https:\/\/primicias2262.com\/noticias\/wp-json\/wp\/v2\/posts\/99818\/revisions"}],"wp:attachment":[{"href":"https:\/\/primicias2262.com\/noticias\/wp-json\/wp\/v2\/media?parent=99818"}],"wp:term":[{"taxonomy":"category","embeddable":true,"href":"https:\/\/primicias2262.com\/noticias\/wp-json\/wp\/v2\/categories?post=99818"},{"taxonomy":"post_tag","embeddable":true,"href":"https:\/\/primicias2262.com\/noticias\/wp-json\/wp\/v2\/tags?post=99818"}],"curies":[{"name":"wp","href":"https:\/\/api.w.org\/{rel}","templated":true}]}}