{"id":99821,"date":"2023-05-05T14:00:15","date_gmt":"2023-05-05T17:00:15","guid":{"rendered":"https:\/\/primicias2262.com\/?p=99821"},"modified":"2023-05-05T14:00:15","modified_gmt":"2023-05-05T17:00:15","slug":"el-municipio-incorporara-una-plataforma-multiagencial-al-nuevo-centro-de-monitoreo","status":"publish","type":"post","link":"https:\/\/primicias2262.com\/noticias\/el-municipio-incorporara-una-plataforma-multiagencial-al-nuevo-centro-de-monitoreo\/","title":{"rendered":"El municipio incorporar\u00e1 una plataforma multiagencial al nuevo Centro de Monitoreo"},"content":{"rendered":"<p><strong>El intendente Arturo Rojas firm\u00f3 en la tarde de este mi\u00e9rcoles un convenio con el Ministerio de Seguridad de la Provincia de Buenos Aires, luego de profundas gestiones y un creciente trabajo en conjunto, que posibilitar\u00e1 la incorporaci\u00f3n al flamante Centro Operativo de Monitoreo (COM) de una plataforma multiagencial, una moderna herramienta que servir\u00e1 para optimizar la utilizaci\u00f3n de los recursos en materia de prevenci\u00f3n ciudadana y brindar asistencia inmediata a los vecinos ante hechos delictivos o incidentes en la v\u00eda p\u00fablica.<\/strong><\/p>\n<p>De vital importantica para el abordaje y tratamiento de los distintos eventos de emergencia que se produzcan en el distrito, posibilitando respuestas m\u00e1s r\u00e1pidas y eficientes ante una situaci\u00f3n no prevista, la tecnolog\u00eda se sumar\u00e1 a la amplia red de c\u00e1maras que se instalan a lo largo y ancho de Necochea y Quequ\u00e9n, divididas en anillos de seguridad, con aparatos capaces de reconocer rostros o leer patentes en los accesos a cada ciudad.<\/p>\n<p><a href=\"https:\/\/primicias2262.com\/wp-content\/uploads\/2023\/05\/FOTO-Firma-Convenio-Rojas-Centro-Operativo-de-Monitoreo-Necochea.jpg\"><img loading=\"lazy\" decoding=\"async\" class=\"aligncenter size-full wp-image-99823\" src=\"https:\/\/primicias2262.com\/wp-content\/uploads\/2023\/05\/FOTO-Firma-Convenio-Rojas-Centro-Operativo-de-Monitoreo-Necochea.jpg\" alt=\"\" width=\"1280\" height=\"853\" \/><\/a>Todav\u00eda en marcha el proceso de migraci\u00f3n de im\u00e1genes desde la sala antigua el nuevo edificio operativo, que estar\u00e1 ubicado en Avenida 58 entre 65 y 67, donde se instalar\u00e1 este moderno equipamiento, el primer mandatario local no detiene sus esfuerzos para complejizar una red de pol\u00edticas p\u00fablicas que sirvan para brindar apoyo a las fuerzas policiales en materia de prevenci\u00f3n ciudadana y a la Justicia en el esclarecimiento de los delitos.<\/p>\n<p>Brindando informaci\u00f3n sobre esta herramienta que se sumar\u00e1 al COM, Jorge Mart\u00ednez, secretario de Gobierno y uno de los principales promotores de estas gestiones que realiza el Departamento Ejecutivo ante las carteras pertinentes, especific\u00f3 que la plataforma multiagencial \u201cpermite centralizar, coordinar, analizar y evaluar todas las demandas que reciba el Estado en materia de seguridad, salud, defensa civil y tr\u00e1nsito, entre otras\u201d.<\/p>\n<p>En cuanto a su implementaci\u00f3n, el funcionario se\u00f1al\u00f3 que \u201cel Ministerio de Seguridad brindar\u00e1 la tecnolog\u00eda al municipio, brindando capacitaciones en cuanto a los protocolos, procedimientos y usos\u201d, permitiendo a la comuna \u201cdesarrollar estrategias basadas en operaciones coordinadas entre los distintos sistemas de emergencia\u201d.<\/p>\n<p>\u201cCon esta herramienta vamos a conocer en vivo y en directo todos los eventos desfavorables y, de esa forma, articular servicios m\u00e1s efectivos en favor de la ciudadan\u00eda, optimizando los tiempos de respuesta y la disponibilidad de los recursos\u201d.<\/p>\n<p><strong>C\u00f3mo funciona la plataforma<\/strong><\/p>\n<p>La agencia se instalar\u00e1 dentro de la sala del COM, conjuntamente con el despacho de la l\u00ednea 911, que recepcionar\u00e1 los llamados que entren a dicha central telef\u00f3nica. A trav\u00e9s del panel de control, se podr\u00e1n abordar en forma inmediata cada una de esas problem\u00e1ticas, derivando los m\u00f3viles policiales, las ambulancias o los veh\u00edculos municipales de inmediato, seg\u00fan el caso que corresponda.<\/p>\n<p>Adem\u00e1s, el tablero revelar\u00e1 en tiempo real la ubicaci\u00f3n de cada patrulla de las fuerzas de seguridad, optimizando aun m\u00e1s el lapso de respuesta por parte del personal capacitado. \u201cTodo este nuevo equipamiento nos permitir\u00e1 proteger de una mejor manera a todos los vecinos del distrito, brindando asistencia inmediata en cada suceso riesgoso e impactando directamente en los sistemas de emergencia y prevenci\u00f3n\u201d, finaliz\u00f3 asegurando Mart\u00ednez.<\/p>\n","protected":false},"excerpt":{"rendered":"<p>El intendente Arturo Rojas firm\u00f3 en la tarde de este mi\u00e9rcoles un convenio con el Ministerio de Seguridad de la Provincia de Buenos Aires, luego de profundas gestiones y un creciente trabajo en conjunto, que posibilitar\u00e1 la incorporaci\u00f3n al flamante Centro Operativo de Monitoreo (COM) de una plataforma multiagencial, una moderna herramienta que servir\u00e1 para [&hellip;]<\/p>\n","protected":false},"author":3,"featured_media":99822,"comment_status":"closed","ping_status":"closed","sticky":false,"template":"","format":"standard","meta":{"footnotes":""},"categories":[3],"tags":[],"class_list":["post-99821","post","type-post","status-publish","format-standard","has-post-thumbnail","category-masnoticias"],"_links":{"self":[{"href":"https:\/\/primicias2262.com\/noticias\/wp-json\/wp\/v2\/posts\/99821","targetHints":{"allow":["GET"]}}],"collection":[{"href":"https:\/\/primicias2262.com\/noticias\/wp-json\/wp\/v2\/posts"}],"about":[{"href":"https:\/\/primicias2262.com\/noticias\/wp-json\/wp\/v2\/types\/post"}],"author":[{"embeddable":true,"href":"https:\/\/primicias2262.com\/noticias\/wp-json\/wp\/v2\/users\/3"}],"replies":[{"embeddable":true,"href":"https:\/\/primicias2262.com\/noticias\/wp-json\/wp\/v2\/comments?post=99821"}],"version-history":[{"count":0,"href":"https:\/\/primicias2262.com\/noticias\/wp-json\/wp\/v2\/posts\/99821\/revisions"}],"wp:attachment":[{"href":"https:\/\/primicias2262.com\/noticias\/wp-json\/wp\/v2\/media?parent=99821"}],"wp:term":[{"taxonomy":"category","embeddable":true,"href":"https:\/\/primicias2262.com\/noticias\/wp-json\/wp\/v2\/categories?post=99821"},{"taxonomy":"post_tag","embeddable":true,"href":"https:\/\/primicias2262.com\/noticias\/wp-json\/wp\/v2\/tags?post=99821"}],"curies":[{"name":"wp","href":"https:\/\/api.w.org\/{rel}","templated":true}]}}