{"id":99825,"date":"2023-05-05T14:07:30","date_gmt":"2023-05-05T17:07:30","guid":{"rendered":"https:\/\/primicias2262.com\/?p=99825"},"modified":"2023-05-05T14:07:30","modified_gmt":"2023-05-05T17:07:30","slug":"se-retomaron-las-obras-para-terminar-de-restaurar-la-parroquia-santa-maria-del-carmen","status":"publish","type":"post","link":"https:\/\/primicias2262.com\/noticias\/se-retomaron-las-obras-para-terminar-de-restaurar-la-parroquia-santa-maria-del-carmen\/","title":{"rendered":"Se retomaron las obras para terminar de restaurar la Parroquia Santa Mar\u00eda del Carmen"},"content":{"rendered":"<p><strong>El Ingeniero Gustavo Pardal, responsable de la obra, cont\u00f3 en \u201cVoces de la Ciudad\u201d c\u00f3mo vienen marchando los trabajos en la parroquia del centro de la ciudad.<\/strong><\/p>\n<p>Durante una nota realizada por el periodista Hugo Arroyo, el profesional habl\u00f3 a cargo de la restauraci\u00f3n de la Parroquia Santa Mar\u00eda del Carmen aclar\u00f3 primeramente que \u201cretomamos las actividades que se hab\u00edan suspendido durante un periodo de tiempo para poder juntar fondos y seguir con la obra que conlleva gastos importantes, como el alquiler de la gr\u00faa\u201d, la cual se observa por estos d\u00edas sobre calle 61 entre 58 y 60.<\/p>\n<p>Pardal revel\u00f3 que \u201cahora entramos en la etapa final, donde se est\u00e1 restaurando la parte de la torre, el reloj, se comenz\u00f3 el mi\u00e9rcoles y nos queda la parte superior de la parroquia. Luego quedar\u00eda alg\u00fan trabajo en el interior\u201d.<\/p>\n<p><a href=\"https:\/\/primicias2262.com\/wp-content\/uploads\/2023\/03\/ing-gustavo-pardal.jpeg\"><img loading=\"lazy\" decoding=\"async\" class=\"aligncenter size-full wp-image-98132\" src=\"https:\/\/primicias2262.com\/wp-content\/uploads\/2023\/03\/ing-gustavo-pardal.jpeg\" alt=\"\" width=\"1024\" height=\"768\" \/><\/a>Aunque en ese aspecto aclar\u00f3 que \u201cse coloc\u00f3 un equipo de ondas para combatir la humedad y tienen que pasar seis meses para que act\u00fae y se sequen bien las paredes, por eso es que no se hicieron las tareas de pintura en esta etapa, pero ya estar\u00edamos en condiciones de hacer los trabajos de terminaci\u00f3n de pintura en el interior\u201d.<\/p>\n<p>Seguidamente, asegur\u00f3 que en l\u00edneas generales \u201cla estructura de la parroquia est\u00e1 bien, se hicieron algunos refuerzos en el interior y quedan algunos trabajos menores en la torre, pero en general est\u00e1 bien la estructura. Ahora cumple 140 a\u00f1os en septiembre la parroquia, como todo edificio requiere un mantenimiento peri\u00f3dico para que no est\u00e9 en malas condiciones. Hay que reparar fisuras y pruebas de humedad, pero se hizo un trabajo importante y queda en funciones por varios a\u00f1os\u201d.<\/p>\n<p>Finalmente, el ingeniero no soslay\u00f3 que \u201ctodo depende de la parte econ\u00f3mica y la comunidad de la parroquia est\u00e1 con un bono contribuci\u00f3n y sigue juntando fondos para solventar la obra\u201d. El bono se puede adquirir al costado de la parroquia, en el port\u00f3n verde en calle 61 entre 58 y 60.<\/p>\n","protected":false},"excerpt":{"rendered":"<p>El Ingeniero Gustavo Pardal, responsable de la obra, cont\u00f3 en \u201cVoces de la Ciudad\u201d c\u00f3mo vienen marchando los trabajos en la parroquia del centro de la ciudad. Durante una nota realizada por el periodista Hugo Arroyo, el profesional habl\u00f3 a cargo de la restauraci\u00f3n de la Parroquia Santa Mar\u00eda del Carmen aclar\u00f3 primeramente que \u201cretomamos [&hellip;]<\/p>\n","protected":false},"author":3,"featured_media":93225,"comment_status":"closed","ping_status":"closed","sticky":false,"template":"","format":"standard","meta":{"footnotes":""},"categories":[3],"tags":[],"class_list":["post-99825","post","type-post","status-publish","format-standard","has-post-thumbnail","category-masnoticias"],"_links":{"self":[{"href":"https:\/\/primicias2262.com\/noticias\/wp-json\/wp\/v2\/posts\/99825","targetHints":{"allow":["GET"]}}],"collection":[{"href":"https:\/\/primicias2262.com\/noticias\/wp-json\/wp\/v2\/posts"}],"about":[{"href":"https:\/\/primicias2262.com\/noticias\/wp-json\/wp\/v2\/types\/post"}],"author":[{"embeddable":true,"href":"https:\/\/primicias2262.com\/noticias\/wp-json\/wp\/v2\/users\/3"}],"replies":[{"embeddable":true,"href":"https:\/\/primicias2262.com\/noticias\/wp-json\/wp\/v2\/comments?post=99825"}],"version-history":[{"count":0,"href":"https:\/\/primicias2262.com\/noticias\/wp-json\/wp\/v2\/posts\/99825\/revisions"}],"wp:attachment":[{"href":"https:\/\/primicias2262.com\/noticias\/wp-json\/wp\/v2\/media?parent=99825"}],"wp:term":[{"taxonomy":"category","embeddable":true,"href":"https:\/\/primicias2262.com\/noticias\/wp-json\/wp\/v2\/categories?post=99825"},{"taxonomy":"post_tag","embeddable":true,"href":"https:\/\/primicias2262.com\/noticias\/wp-json\/wp\/v2\/tags?post=99825"}],"curies":[{"name":"wp","href":"https:\/\/api.w.org\/{rel}","templated":true}]}}