{"id":99838,"date":"2023-05-08T13:52:47","date_gmt":"2023-05-08T16:52:47","guid":{"rendered":"https:\/\/primicias2262.com\/?p=99838"},"modified":"2023-05-08T13:52:47","modified_gmt":"2023-05-08T16:52:47","slug":"este-martes-llega-al-distrito-el-trailer-de-construir-seguridad-ciudadana","status":"publish","type":"post","link":"https:\/\/primicias2262.com\/noticias\/este-martes-llega-al-distrito-el-trailer-de-construir-seguridad-ciudadana\/","title":{"rendered":"Este martes llega al distrito el tr\u00e1iler de Construir Seguridad Ciudadana"},"content":{"rendered":"<p><strong>As\u00ed lo anunci\u00f3 el concejal del interbloque del Frente de Todos y precandidato a Intendente, Mauro Vel\u00e1zquez. Se dar\u00e1n charlas gratuitas sobre Grooming, Bullying y ciber delitos en Quequ\u00e9n, Necochea y Ram\u00f3n Santamarina.<\/strong><\/p>\n<p>Al recibir la consulta telef\u00f3nica por parte del periodista Jorge G\u00f3mez, Vel\u00e1zquez confirm\u00f3 que llega esta semana al distrito el programa nacional Construir Seguridad Ciudadana. \u201cLo hemos trabajado con el Ministerio de Seguridad de Naci\u00f3n y coordinamos la llegada de la primera etapa de este programa, que tiene que ver con la violencia: tratamiento del Grooming, Bullying, violencia en el noviazgo, ciberdelito y ese tipo de problem\u00e1ticas. Nos pareci\u00f3 muy importante tenerlo en la ciudad y desde este martes a las 8.30 estar\u00e1 en Quequ\u00e9n, en la Plaza Hip\u00f3lito Yrigoyen\u201d.<\/p>\n<p>En tanto, el mi\u00e9rcoles la unidad itinerante estar\u00e1 apostada frente al Colegio Nacional y el jueves en Ram\u00f3n Santamarina. \u201cEn realidad son dos tr\u00e1iler, ya que vienen otras dependencias con varias charlas, como prevenci\u00f3n contra el dengue por ejemplo, pero lo fundamental son los talleres para j\u00f3venes y el p\u00fablico en general para la resoluci\u00f3n de conflictos mencuionados\u201d, aclar\u00f3 Vel\u00e1zquez a la pasada.<\/p>\n<p>El concejal resalt\u00f3 en que todo es de car\u00e1cter gratuito y a la hora de agradecer, lo hizo con la inspectora regional de Educaci\u00f3n, Ana Lidia Marincevic.<\/p>\n<p>\u201cEstas son cosas que tenemos que trabajar en conjunto y dejar la pol\u00edtica de lado porque son problem\u00e1ticas que engloban a toda la comunidad, as\u00ed est\u00e1n todos invitados a participar\u201d, insisti\u00f3 Mauro, para cerrar que \u201clas herramientas que podamos las traeremos al distrito sin ninguna mezquindad pol\u00edtica\u201d.<\/p>\n\n","protected":false},"excerpt":{"rendered":"<p>As\u00ed lo anunci\u00f3 el concejal del interbloque del Frente de Todos y precandidato a Intendente, Mauro Vel\u00e1zquez. Se dar\u00e1n charlas gratuitas sobre Grooming, Bullying y ciber delitos en Quequ\u00e9n, Necochea y Ram\u00f3n Santamarina. Al recibir la consulta telef\u00f3nica por parte del periodista Jorge G\u00f3mez, Vel\u00e1zquez confirm\u00f3 que llega esta semana al distrito el programa nacional [&hellip;]<\/p>\n","protected":false},"author":3,"featured_media":98773,"comment_status":"closed","ping_status":"closed","sticky":false,"template":"","format":"standard","meta":{"footnotes":""},"categories":[3],"tags":[],"class_list":["post-99838","post","type-post","status-publish","format-standard","has-post-thumbnail","category-masnoticias"],"_links":{"self":[{"href":"https:\/\/primicias2262.com\/noticias\/wp-json\/wp\/v2\/posts\/99838","targetHints":{"allow":["GET"]}}],"collection":[{"href":"https:\/\/primicias2262.com\/noticias\/wp-json\/wp\/v2\/posts"}],"about":[{"href":"https:\/\/primicias2262.com\/noticias\/wp-json\/wp\/v2\/types\/post"}],"author":[{"embeddable":true,"href":"https:\/\/primicias2262.com\/noticias\/wp-json\/wp\/v2\/users\/3"}],"replies":[{"embeddable":true,"href":"https:\/\/primicias2262.com\/noticias\/wp-json\/wp\/v2\/comments?post=99838"}],"version-history":[{"count":0,"href":"https:\/\/primicias2262.com\/noticias\/wp-json\/wp\/v2\/posts\/99838\/revisions"}],"wp:attachment":[{"href":"https:\/\/primicias2262.com\/noticias\/wp-json\/wp\/v2\/media?parent=99838"}],"wp:term":[{"taxonomy":"category","embeddable":true,"href":"https:\/\/primicias2262.com\/noticias\/wp-json\/wp\/v2\/categories?post=99838"},{"taxonomy":"post_tag","embeddable":true,"href":"https:\/\/primicias2262.com\/noticias\/wp-json\/wp\/v2\/tags?post=99838"}],"curies":[{"name":"wp","href":"https:\/\/api.w.org\/{rel}","templated":true}]}}