{"id":99843,"date":"2023-05-08T14:03:40","date_gmt":"2023-05-08T17:03:40","guid":{"rendered":"https:\/\/primicias2262.com\/?p=99843"},"modified":"2023-05-08T14:03:40","modified_gmt":"2023-05-08T17:03:40","slug":"todo-para-ellos-renovo-su-comision-directiva-y-leonardo-spaltro-es-el-nuevo-presidente","status":"publish","type":"post","link":"https:\/\/primicias2262.com\/noticias\/todo-para-ellos-renovo-su-comision-directiva-y-leonardo-spaltro-es-el-nuevo-presidente\/","title":{"rendered":"\u00a0\u201cTodo para Ellos\u201d renov\u00f3 su comisi\u00f3n directiva y Leonardo Spaltro es el nuevo presidente"},"content":{"rendered":"<p><strong>En los estudios de \u201cVoces de la Ciudad\u201d, el flamante titular de la prestigiosa instituci\u00f3n le dio valor al trabajo colectivo de la misma: \u201cMe toca estar al frente de manera circunstancial, pero es un grupo que viene trabajando hace mucho tiempo\u201d, remarc\u00f3, al tiempo que asegur\u00f3 que contar con la habilitaci\u00f3n del hogar de albergue en calle 47 entre 60 y 62 es la m\u00e1xima prioridad.<\/strong><\/p>\n<p>Durante la nota estuvo acompa\u00f1ado de uno de los vocales titulares, y quien trabaja hace d\u00e9cadas con el tema de la discapacidad, H\u00e9ctor Carabajal. Ambos fueron entrevistados por el periodista Jorge G\u00f3mez y aseguraron que el objetivo primordial es poder contar con la habilitaci\u00f3n del hogar de la calle 47.<\/p>\n<p>Acerca de la nueva comisi\u00f3n, Spalto se\u00f1al\u00f3 que \u201cel s\u00e1bado 29 de abril hicimos la renovaci\u00f3n de autoridades y desde la comisi\u00f3n directiva la idea es darle una continuidad a lo que se viene haciendo, me toca ser presidente de forma circunstancial, pero es un grupo que viene trabajando hace mucho tiempo, incluso todav\u00eda hay gente fundadora de la instituci\u00f3n, m\u00e1s otra gente nueva que se ha ido sumando y renovando\u201d.<\/p>\n<p>Vale destacar que la instituci\u00f3n brinda tres servicios, el taller protegido, el centro de d\u00eda y el hogar, en lo que buscan poner un marcado \u00e9nfasis. \u201cLa sede social, es decir el taller protegido, est\u00e1 en 79 casi Diagonal, el centro de D\u00eda en 30 casi Diagonal y el hogar va a estar en la 47 entre 62 y 60, que contar\u00e1 con albergue para 30 personas y se tiene que lograr la habilitaci\u00f3n para ello\u201d.<\/p>\n\n<p>Al respecto, Spaltro manifest\u00f3 que \u201cese hogar est\u00e1 hecho por un subsidio proveniente de la Ley de Cheques. De hecho, hoy para nosotros la primera meta es lograr la habilitaci\u00f3n del hogar, seguimos con el taller y la idea de ampliar el centro de d\u00eda, pero estamos con todas las energ\u00edas puestas en la habilitaci\u00f3n del hogar\u201d.<\/p>\n<p>En ese sentido, Carabajal aport\u00f3 que \u201cla asociaci\u00f3n se form\u00f3 para lograr un taller de trabajo, pero despu\u00e9s empez\u00f3 a estar la necesidad de albergar a esos chicos, que se hicieron grandes y ten\u00edan inconvenientes para pasar el d\u00eda, no hab\u00eda qui\u00e9n los atendiera, aparecieron los que no ten\u00edan ni a su pap\u00e1 ni mam\u00e1 y eso fue llevando a que la asociaci\u00f3n tratando de crear espacios especiales\u201d.<\/p>\n<p>Adem\u00e1s, ambos dirigentes de \u201cTodo para Ellos\u201d se\u00f1alaron que tienen lista de espera en todos los servicios, inclusive en el hogar de albergue. \u201cHoy la instituci\u00f3n es una pyme, inclusive no nos salvamos de las cargas sociales. Tenemos casi 40 operarios entre la sede y la planta\u201d, destacaron.<\/p>\n<p><strong>Comisi\u00f3n Directiva 2023\/2025<\/strong><\/p>\n<p>Presidente :<br \/>\nLeonardo Spaltro<\/p>\n<p>Vicepresidente :<br \/>\nAraceli Deusedes<\/p>\n<p>Secretaria :<br \/>\nDora Castellanos<\/p>\n<p>Pro Secretario :<br \/>\nDiego Bertone<\/p>\n<p>Tesorera :<br \/>\nAna Madsen<\/p>\n<p>Pro Tesorero :<br \/>\nRoberto Taurian<\/p>\n<p>Vocales Titulares :<br \/>\nBetiana Serrano<br \/>\nHector Carabajal<\/p>\n<p>Vocales Suplentes :<br \/>\nClaudia Eggly<br \/>\nLautaro Feipeler<\/p>\n<p>Comisi\u00f3n Revisora de Cuentas:<\/p>\n<p>Titulares :<br \/>\nMirta Lozano<br \/>\nNatalia Azza<br \/>\nMar\u00eda del Pilar Castro<\/p>\n<p>Suplentes<br \/>\nSilvia Mart\u00ednez<br \/>\nMario Menna<\/p>\n","protected":false},"excerpt":{"rendered":"<p>En los estudios de \u201cVoces de la Ciudad\u201d, el flamante titular de la prestigiosa instituci\u00f3n le dio valor al trabajo colectivo de la misma: \u201cMe toca estar al frente de manera circunstancial, pero es un grupo que viene trabajando hace mucho tiempo\u201d, remarc\u00f3, al tiempo que asegur\u00f3 que contar con la habilitaci\u00f3n del hogar de [&hellip;]<\/p>\n","protected":false},"author":3,"featured_media":99845,"comment_status":"closed","ping_status":"closed","sticky":false,"template":"","format":"standard","meta":{"footnotes":""},"categories":[3],"tags":[],"class_list":["post-99843","post","type-post","status-publish","format-standard","has-post-thumbnail","category-masnoticias"],"_links":{"self":[{"href":"https:\/\/primicias2262.com\/noticias\/wp-json\/wp\/v2\/posts\/99843","targetHints":{"allow":["GET"]}}],"collection":[{"href":"https:\/\/primicias2262.com\/noticias\/wp-json\/wp\/v2\/posts"}],"about":[{"href":"https:\/\/primicias2262.com\/noticias\/wp-json\/wp\/v2\/types\/post"}],"author":[{"embeddable":true,"href":"https:\/\/primicias2262.com\/noticias\/wp-json\/wp\/v2\/users\/3"}],"replies":[{"embeddable":true,"href":"https:\/\/primicias2262.com\/noticias\/wp-json\/wp\/v2\/comments?post=99843"}],"version-history":[{"count":0,"href":"https:\/\/primicias2262.com\/noticias\/wp-json\/wp\/v2\/posts\/99843\/revisions"}],"wp:attachment":[{"href":"https:\/\/primicias2262.com\/noticias\/wp-json\/wp\/v2\/media?parent=99843"}],"wp:term":[{"taxonomy":"category","embeddable":true,"href":"https:\/\/primicias2262.com\/noticias\/wp-json\/wp\/v2\/categories?post=99843"},{"taxonomy":"post_tag","embeddable":true,"href":"https:\/\/primicias2262.com\/noticias\/wp-json\/wp\/v2\/tags?post=99843"}],"curies":[{"name":"wp","href":"https:\/\/api.w.org\/{rel}","templated":true}]}}