{"id":99849,"date":"2023-05-08T14:15:00","date_gmt":"2023-05-08T17:15:00","guid":{"rendered":"https:\/\/primicias2262.com\/?p=99849"},"modified":"2023-05-08T14:15:00","modified_gmt":"2023-05-08T17:15:00","slug":"el-circulo-de-jubilados-y-pensionados-se-reunio-con-rojas-y-este-martes-renueva-su-comision","status":"publish","type":"post","link":"https:\/\/primicias2262.com\/noticias\/el-circulo-de-jubilados-y-pensionados-se-reunio-con-rojas-y-este-martes-renueva-su-comision\/","title":{"rendered":"El C\u00edrculo de Jubilados y Pensionados se reuni\u00f3 con Rojas y este martes renueva su comisi\u00f3n"},"content":{"rendered":"<p><strong>Quien es presidente desde enero de 2022, Ra\u00fal Ferrario, anunci\u00f3 que este martes a las 17 se elegir\u00e1 al nuevo titular de la asociaci\u00f3n, que hace pocos d\u00edas se reuni\u00f3 con el intendente Arturo Rojas para tener mayor injerencia en la paritaria municipal y que los aumentos se trasladen con m\u00e1s rapidez.<\/strong><\/p>\n<p>En nota realizada por el periodista Jorge G\u00f3mez en \u201cVoces de la Ciudad\u201d, Ferrario confirm\u00f3 que el C\u00edrculo de Jubilados y Pensionados Municipales present\u00f3 una nota al Intendente la semana anterior para estar dentro de la mesa paritaria junto al STM, ATE y Guardavidas, e incluso, revel\u00f3 que se reunieron con Rojas, ya que dicho grupo depende de la paritaria municipal pero cobra a trav\u00e9s del IPS provincial, que tiene otros tiempos.<\/p>\n<p>En principio relat\u00f3 que \u201cel viernes estuvimos reunidos con el intendente Rojas en la Oficina M\u00f3vil en el Barrio Fonavi y \u00e9l nos manifest\u00f3 que no habr\u00eda problemas en principio para participar de la paritaria, pero que iba a abrir un expediente y hacer las consultas legales del caso\u201d.<\/p>\n<p>Contextualiz\u00f3 al respecto que \u201cnosotros sabemos que ser\u00eda una excepci\u00f3n, pero sabemos que entre el IPS que se toma excesivos tiempos para pagar\u00a0 y los decretos municipales que no est\u00e1n saliendo del todo finos, nos demora entre tres y cuatro meses para poder cobrar los aumentos, que en el caso de jubilados y pensionados municipales depende de la paritaria municipal, por ejemplo el \u00faltimo 21,7%\u201d.<\/p>\n<p>Se\u00f1al\u00f3 como excepci\u00f3n que \u201cel a\u00f1o pasado a partir de abril empezamos a cobrar mes a mes hasta fin de a\u00f1o y terminamos cobrando en enero de este a\u00f1o el ajuste de paritarias del a\u00f1o 2022. Arturo (Rojas) tiene muy claro c\u00f3mo hacer la paritaria este a\u00f1o (cada tres meses), y si ya lo pudi\u00e9ramos dejar escrito para nosotros ser\u00eda una tranquilidad, m\u00e1s teniendo en cuenta c\u00f3mo se lic\u00faa hoy el sueldo en un mes, imaginate cu\u00e1nto m\u00e1s en tres meses\u201d.<\/p>\n<p>Por ello, el pedido del C\u00edrculo es que los aumentos se trasladen lo antes posible. \u201cEstamos contentos de que el sindicato est\u00e9 en la lucha permanente del salario, pero nos gustar\u00eda estar en el detalle final con alguna cuesti\u00f3n m\u00e1s\u201d, dej\u00f3 entrever.<\/p>\n<p>En cuanto a la instituci\u00f3n puertas adentro, Ferrario inform\u00f3 que la comisi\u00f3n directiva convoca a elecci\u00f3n de autoridades y asamblea ordinaria para este martes 9 de mayo a las 17 en su sede de calle 63 N\u00ba 2176. Ra\u00fal cierra su etapa como titular y al respecto explic\u00f3 que \u201cnosotros iniciamos la gesti\u00f3n en enero del 2022, a enero de 2023 se cumpli\u00f3 el a\u00f1o de mandato que prev\u00e9 el estatuto, y nosotros en la modificaci\u00f3n del estatuto pensamos que es poco un a\u00f1o, por eso planteamos pensar en dos a\u00f1os con opci\u00f3n a una segunda renovaci\u00f3n\u201d.<\/p>\n<p>Con tono autocr\u00edtico, manifest\u00f3 que \u201calgunos est\u00e1n conformes, pero no es mi caso, creo que no se hizo lo suficiente, pero viene gente nueva y esperemos que traiga energ\u00eda positiva para que se puedan materializar cuestiones que van quedando pendientes\u201d.<\/p>\n<p>\u201cLos jubilados municipales no tenemos referentes para discusiones con temas importantes, por eso discutimos entre nosotros si el C\u00edrculo debiera ser el interlocutor para plantear estos temas de mejoras salariales y dem\u00e1s mejoras para los jubilados\u201d, concluy\u00f3 Ferrario.<\/p>\n","protected":false},"excerpt":{"rendered":"<p>Quien es presidente desde enero de 2022, Ra\u00fal Ferrario, anunci\u00f3 que este martes a las 17 se elegir\u00e1 al nuevo titular de la asociaci\u00f3n, que hace pocos d\u00edas se reuni\u00f3 con el intendente Arturo Rojas para tener mayor injerencia en la paritaria municipal y que los aumentos se trasladen con m\u00e1s rapidez. En nota realizada [&hellip;]<\/p>\n","protected":false},"author":3,"featured_media":99852,"comment_status":"closed","ping_status":"closed","sticky":false,"template":"","format":"standard","meta":{"footnotes":""},"categories":[3],"tags":[],"class_list":["post-99849","post","type-post","status-publish","format-standard","has-post-thumbnail","category-masnoticias"],"_links":{"self":[{"href":"https:\/\/primicias2262.com\/noticias\/wp-json\/wp\/v2\/posts\/99849","targetHints":{"allow":["GET"]}}],"collection":[{"href":"https:\/\/primicias2262.com\/noticias\/wp-json\/wp\/v2\/posts"}],"about":[{"href":"https:\/\/primicias2262.com\/noticias\/wp-json\/wp\/v2\/types\/post"}],"author":[{"embeddable":true,"href":"https:\/\/primicias2262.com\/noticias\/wp-json\/wp\/v2\/users\/3"}],"replies":[{"embeddable":true,"href":"https:\/\/primicias2262.com\/noticias\/wp-json\/wp\/v2\/comments?post=99849"}],"version-history":[{"count":0,"href":"https:\/\/primicias2262.com\/noticias\/wp-json\/wp\/v2\/posts\/99849\/revisions"}],"wp:attachment":[{"href":"https:\/\/primicias2262.com\/noticias\/wp-json\/wp\/v2\/media?parent=99849"}],"wp:term":[{"taxonomy":"category","embeddable":true,"href":"https:\/\/primicias2262.com\/noticias\/wp-json\/wp\/v2\/categories?post=99849"},{"taxonomy":"post_tag","embeddable":true,"href":"https:\/\/primicias2262.com\/noticias\/wp-json\/wp\/v2\/tags?post=99849"}],"curies":[{"name":"wp","href":"https:\/\/api.w.org\/{rel}","templated":true}]}}