{"id":99863,"date":"2023-05-09T10:23:23","date_gmt":"2023-05-09T13:23:23","guid":{"rendered":"https:\/\/primicias2262.com\/?p=99863"},"modified":"2023-05-09T10:23:23","modified_gmt":"2023-05-09T13:23:23","slug":"fioramonti-no-sera-candidato-a-intendente-este-2023","status":"publish","type":"post","link":"https:\/\/primicias2262.com\/noticias\/fioramonti-no-sera-candidato-a-intendente-este-2023\/","title":{"rendered":"Fioramonti no ser\u00e1 candidato a intendente este 2023"},"content":{"rendered":"<p><strong>Por Jorge G\u00f3mez<\/strong><\/p>\n<p><a href=\"https:\/\/primicias2262.com\/wp-content\/uploads\/2021\/08\/Gomez.jpg\"><img loading=\"lazy\" decoding=\"async\" class=\"alignleft size-thumbnail wp-image-80409\" src=\"https:\/\/primicias2262.com\/wp-content\/uploads\/2021\/08\/Gomez-150x150.jpg\" alt=\"\" width=\"150\" height=\"150\" \/><\/a>Seg\u00fan inform\u00f3 esta noche de lunes 8 de mayo FM San Mart\u00edn en su muro de este red social, el actual jefe municipal de Lober\u00eda no buscar\u00e1 ser reelecto en los comicios generales de este a\u00f1o.<\/p>\n<p>As\u00ed lo consigna una cr\u00f3nica de aquel medio, de la siguiente manera:<\/p>\n<p>\u201cJUAN JOS\u00c9 FIORAMONTI NO SER\u00c1 CANDIDATO A INTENDENTE<\/p>\n<p>En la asamblea que se desarrolla en el Comit\u00e9 de la Uni\u00f3n C\u00edvica Radical, el actual intendente Juan Jos\u00e9 Fioramonti anunci\u00f3 a los presentes, que no ser\u00e1 precandidato a intendente.<\/p>\n<p>Si bien en realidad, hace tiempo que esta posibilidad estaba sobre la mesa, reci\u00e9n se comunic\u00f3 oficialmente la decisi\u00f3n.<\/p>\n<p>La asamblea deber\u00e1 decidir el m\u00e9todo de selecci\u00f3n de precandidatos de la UCR para las PASO, los cuales si bien no estan definidos en este momento, podr\u00edan si se confirman los rumores, ser tres: Barrena, Mahuad y Teruggi\u201d.<\/p>\n","protected":false},"excerpt":{"rendered":"<p>Por Jorge G\u00f3mez Seg\u00fan inform\u00f3 esta noche de lunes 8 de mayo FM San Mart\u00edn en su muro de este red social, el actual jefe municipal de Lober\u00eda no buscar\u00e1 ser reelecto en los comicios generales de este a\u00f1o. As\u00ed lo consigna una cr\u00f3nica de aquel medio, de la siguiente manera: \u201cJUAN JOS\u00c9 FIORAMONTI NO [&hellip;]<\/p>\n","protected":false},"author":3,"featured_media":98379,"comment_status":"closed","ping_status":"closed","sticky":false,"template":"","format":"standard","meta":{"footnotes":""},"categories":[3],"tags":[],"class_list":["post-99863","post","type-post","status-publish","format-standard","has-post-thumbnail","category-masnoticias"],"_links":{"self":[{"href":"https:\/\/primicias2262.com\/noticias\/wp-json\/wp\/v2\/posts\/99863","targetHints":{"allow":["GET"]}}],"collection":[{"href":"https:\/\/primicias2262.com\/noticias\/wp-json\/wp\/v2\/posts"}],"about":[{"href":"https:\/\/primicias2262.com\/noticias\/wp-json\/wp\/v2\/types\/post"}],"author":[{"embeddable":true,"href":"https:\/\/primicias2262.com\/noticias\/wp-json\/wp\/v2\/users\/3"}],"replies":[{"embeddable":true,"href":"https:\/\/primicias2262.com\/noticias\/wp-json\/wp\/v2\/comments?post=99863"}],"version-history":[{"count":0,"href":"https:\/\/primicias2262.com\/noticias\/wp-json\/wp\/v2\/posts\/99863\/revisions"}],"wp:attachment":[{"href":"https:\/\/primicias2262.com\/noticias\/wp-json\/wp\/v2\/media?parent=99863"}],"wp:term":[{"taxonomy":"category","embeddable":true,"href":"https:\/\/primicias2262.com\/noticias\/wp-json\/wp\/v2\/categories?post=99863"},{"taxonomy":"post_tag","embeddable":true,"href":"https:\/\/primicias2262.com\/noticias\/wp-json\/wp\/v2\/tags?post=99863"}],"curies":[{"name":"wp","href":"https:\/\/api.w.org\/{rel}","templated":true}]}}