{"id":99880,"date":"2023-05-09T14:20:54","date_gmt":"2023-05-09T17:20:54","guid":{"rendered":"https:\/\/primicias2262.com\/?p=99880"},"modified":"2023-05-09T14:20:54","modified_gmt":"2023-05-09T17:20:54","slug":"tras-el-anuncio-de-fioramonti-la-ucr-loberense-ira-a-internas-con-dos-precandidatos-a-intendente","status":"publish","type":"post","link":"https:\/\/primicias2262.com\/noticias\/tras-el-anuncio-de-fioramonti-la-ucr-loberense-ira-a-internas-con-dos-precandidatos-a-intendente\/","title":{"rendered":"Tras el anuncio de Fioramonti la UCR loberense ir\u00e1 a internas con dos precandidatos a Intendente"},"content":{"rendered":"<p><strong>El actual secretario de Gobierno de Lober\u00eda, Pablo Barrena, es uno de los precandidatos a intendente por la Uni\u00f3n C\u00edvica Radical dentro de Juntos en la vecina localidad, y este martes mantuvo una comunicaci\u00f3n telef\u00f3nica con \u201cVoces de la Ciudad\u201d.<\/strong><\/p>\n<p>Al ser consultado al aire por el periodista Jorge G\u00f3mez, Barrena relat\u00f3 primeramente c\u00f3mo fue que Fioramonti hizo el anuncio: \u201cAnoche (por el lunes) Juan Jos\u00e9 transparent\u00f3 una situaci\u00f3n que ven\u00eda pensando desde hace tiempo\u2026 en un gobierno hist\u00f3rico con dos gestiones muy buenas y en el mejor momento de la gesti\u00f3n, entiende que tiene que seguir gobernando el equipo pero sin personificar ni generar caudillismos, y por eso no va a ir por la re-reelecci\u00f3n\u201d.<\/p>\n<p>Por lo tanto, se\u00f1al\u00f3 que \u201clos radicales ahora tenemos ahora dos precandidatos, uno de ellos soy yo y vamos a trabajar codo a codo con Juan para seguir gestionando y mantener la comuna. Juan (Fioramonti) es un activo no solo del radicalismo, sino de Juntos y tiene mucho para aportarle a Juntos en la Provincia y Naci\u00f3n en los pr\u00f3ximos gobiernos\u201d.<\/p>\n<p>Acerca de la interna que protagonizar\u00e1 con el actual concejal Jorge Mauad, Barrena afirm\u00f3 que \u201csomos dos precandidatos y lo vamos a resolver en una interna el domingo 21 en el Comit\u00e9 Radical donde estar\u00e1n las mesas para que puedan expresarse los afiliados radicales. La Uni\u00f3n C\u00edvica Radical de Lober\u00eda tiene que tener un solo precandidato a Intendente y despu\u00e9s las otras fuerzas de Juntos tienen el derecho de presentarse a las PASO y ah\u00ed confrontaremos en t\u00e9rminos electorales\u201d.<\/p>\n<p><a href=\"https:\/\/primicias2262.com\/wp-content\/uploads\/2023\/05\/MAUAD-Y-BARRENA.jpg\"><img loading=\"lazy\" decoding=\"async\" class=\"aligncenter size-full wp-image-99884\" src=\"https:\/\/primicias2262.com\/wp-content\/uploads\/2023\/05\/MAUAD-Y-BARRENA.jpg\" alt=\"\" width=\"1508\" height=\"904\" \/><\/a><em>Mauad y Barrena<\/em><\/p>\n<p>Por lo pronto, \u201cla interna radical con Jorge Mauad ser\u00e1 totalmente civilizada, somos dos integrantes del equipo de Juan Jos\u00e9 que hemos tenido distintas responsabilidades y distintas maneras de ver las cosas p\u00fablicas, pero con un mismo objetivo: vamos a empujar los dos por Lober\u00eda\u201d, asegur\u00f3.<\/p>\n<p>A t\u00edtulo personal, Barrena finaliz\u00f3 manifestando que \u201cestoy preparado, tenemos proyectos y un equipo formidable para seguir gestionando Lober\u00eda y cuestiones inconclusas que necesitamos tiempo para poder terminarlas. Juan Jos\u00e9 logr\u00f3 consolidar un cambio important\u00edsimo en la segunda gesti\u00f3n, tenemos la universidad, tenemos emprendimientos privados y est\u00e1n las condiciones dadas para que la ciudad despegue y podamos mejorar la calidad de vida de todos los loberenses\u201d.<\/p>\n","protected":false},"excerpt":{"rendered":"<p>El actual secretario de Gobierno de Lober\u00eda, Pablo Barrena, es uno de los precandidatos a intendente por la Uni\u00f3n C\u00edvica Radical dentro de Juntos en la vecina localidad, y este martes mantuvo una comunicaci\u00f3n telef\u00f3nica con \u201cVoces de la Ciudad\u201d. Al ser consultado al aire por el periodista Jorge G\u00f3mez, Barrena relat\u00f3 primeramente c\u00f3mo fue [&hellip;]<\/p>\n","protected":false},"author":3,"featured_media":99881,"comment_status":"closed","ping_status":"closed","sticky":false,"template":"","format":"standard","meta":{"footnotes":""},"categories":[3],"tags":[],"class_list":["post-99880","post","type-post","status-publish","format-standard","has-post-thumbnail","category-masnoticias"],"_links":{"self":[{"href":"https:\/\/primicias2262.com\/noticias\/wp-json\/wp\/v2\/posts\/99880","targetHints":{"allow":["GET"]}}],"collection":[{"href":"https:\/\/primicias2262.com\/noticias\/wp-json\/wp\/v2\/posts"}],"about":[{"href":"https:\/\/primicias2262.com\/noticias\/wp-json\/wp\/v2\/types\/post"}],"author":[{"embeddable":true,"href":"https:\/\/primicias2262.com\/noticias\/wp-json\/wp\/v2\/users\/3"}],"replies":[{"embeddable":true,"href":"https:\/\/primicias2262.com\/noticias\/wp-json\/wp\/v2\/comments?post=99880"}],"version-history":[{"count":0,"href":"https:\/\/primicias2262.com\/noticias\/wp-json\/wp\/v2\/posts\/99880\/revisions"}],"wp:attachment":[{"href":"https:\/\/primicias2262.com\/noticias\/wp-json\/wp\/v2\/media?parent=99880"}],"wp:term":[{"taxonomy":"category","embeddable":true,"href":"https:\/\/primicias2262.com\/noticias\/wp-json\/wp\/v2\/categories?post=99880"},{"taxonomy":"post_tag","embeddable":true,"href":"https:\/\/primicias2262.com\/noticias\/wp-json\/wp\/v2\/tags?post=99880"}],"curies":[{"name":"wp","href":"https:\/\/api.w.org\/{rel}","templated":true}]}}