{"id":99886,"date":"2023-05-09T14:32:02","date_gmt":"2023-05-09T17:32:02","guid":{"rendered":"https:\/\/primicias2262.com\/?p=99886"},"modified":"2023-05-09T14:32:02","modified_gmt":"2023-05-09T17:32:02","slug":"ultima-semana-para-aprovechar-los-precios-de-la-feria-de-ropa-del-club-de-leones","status":"publish","type":"post","link":"https:\/\/primicias2262.com\/noticias\/ultima-semana-para-aprovechar-los-precios-de-la-feria-de-ropa-del-club-de-leones\/","title":{"rendered":"\u00daltima semana para aprovechar los precios de la feria de ropa del Club de Leones"},"content":{"rendered":"<p><strong>Abrir\u00e1 sus puertas en horario vespertino este mi\u00e9rcoles y el viernes 12 y culminar\u00e1, tras un mes de estar abierta a la comunidad y haber funcionado con \u00e9xito.<\/strong><\/p>\n<p>En la ma\u00f1ana de \u201cVoces de la Ciudad\u201d, una de las integrantes del Club de Leones local, y futura gobernadora del distrito, Yanina Berri, confirm\u00f3 que es la \u00faltima semana de la Feria de Ropa en la sede de 58 N\u00ba 3154, entre 63 y 65.<\/p>\n<p>Ante la consulta del periodista Jorge G\u00f3mez, aclar\u00f3 que \u201cal ser la \u00faltima semana hicimos intercalada la atenci\u00f3n, estuvimos a la ma\u00f1ana y tarde del lunes, estaremos este mi\u00e9rcoles de 13 a 15.30, el viernes lo mismo y ya damos por finalizada la feria durante un mes, que ha sido un \u00e9xito, ya que hemos podido juntar casi tres cuotas de lo que sale el equipo\u201d.<\/p>\n<p>Al hablar de \u201cel equipo\u201d, Berri hace referencia al autorefractometro que llegar\u00e1 a Necochea, el cual es de origen alem\u00e1n y previene la ceguera infantil. \u201cEl equipo va a descongestionar la atenci\u00f3n en el hospital municipal y ser\u00e1 una tarea ardua la que vamos a tener a partir de octubre cuando llegue a Necochea y empiece a trabajar en los jardines de infantes\u201d.<\/p>\n<p><a href=\"https:\/\/primicias2262.com\/wp-content\/uploads\/2023\/02\/Yanina-Berri-Leones-Necochea.jpg\"><img loading=\"lazy\" decoding=\"async\" class=\"aligncenter size-full wp-image-97611\" src=\"https:\/\/primicias2262.com\/wp-content\/uploads\/2023\/02\/Yanina-Berri-Leones-Necochea.jpg\" alt=\"\" width=\"1280\" height=\"853\" \/><\/a>Asimismo, Berri puso en valor la gesti\u00f3n al se\u00f1alar que en total en Argentina habr\u00e1 ocho de estos equipos \u201cy est\u00e1 bueno que en Necochea se cuente con uno de ellos\u201d.<\/p>\n<p>A la hora de la cercan\u00eda de la comunidad local a la feria, Yanina asegur\u00f3 que \u201cla gente responde, sigue asistiendo a la feria y haciendo donaciones de ropas, televisores y todo tipo de elementos para vender a precios muy econ\u00f3micos\u201d.<\/p>\n<p>Asegur\u00f3 en ese aspecto que \u201cse vendi\u00f3 un mont\u00f3n pero como la gente sigue acercando prendas y mercader\u00eda en buen estado sigue habiendo cosas; tenemos prendas de vestir a 100 pesos, botas por 300 pesos, camperas nuevas con polar adentro donadas por una empresa local que cuestan mil pesos\u2026 la gente se acerca y colabora para algo que despu\u00e9s vuelve a la comunidad porque es para solventar este equipo que previene la ceguera infantil\u201d.<\/p>\n","protected":false},"excerpt":{"rendered":"<p>Abrir\u00e1 sus puertas en horario vespertino este mi\u00e9rcoles y el viernes 12 y culminar\u00e1, tras un mes de estar abierta a la comunidad y haber funcionado con \u00e9xito. En la ma\u00f1ana de \u201cVoces de la Ciudad\u201d, una de las integrantes del Club de Leones local, y futura gobernadora del distrito, Yanina Berri, confirm\u00f3 que es [&hellip;]<\/p>\n","protected":false},"author":3,"featured_media":99887,"comment_status":"closed","ping_status":"closed","sticky":false,"template":"","format":"standard","meta":{"footnotes":""},"categories":[3],"tags":[],"class_list":["post-99886","post","type-post","status-publish","format-standard","has-post-thumbnail","category-masnoticias"],"_links":{"self":[{"href":"https:\/\/primicias2262.com\/noticias\/wp-json\/wp\/v2\/posts\/99886","targetHints":{"allow":["GET"]}}],"collection":[{"href":"https:\/\/primicias2262.com\/noticias\/wp-json\/wp\/v2\/posts"}],"about":[{"href":"https:\/\/primicias2262.com\/noticias\/wp-json\/wp\/v2\/types\/post"}],"author":[{"embeddable":true,"href":"https:\/\/primicias2262.com\/noticias\/wp-json\/wp\/v2\/users\/3"}],"replies":[{"embeddable":true,"href":"https:\/\/primicias2262.com\/noticias\/wp-json\/wp\/v2\/comments?post=99886"}],"version-history":[{"count":0,"href":"https:\/\/primicias2262.com\/noticias\/wp-json\/wp\/v2\/posts\/99886\/revisions"}],"wp:attachment":[{"href":"https:\/\/primicias2262.com\/noticias\/wp-json\/wp\/v2\/media?parent=99886"}],"wp:term":[{"taxonomy":"category","embeddable":true,"href":"https:\/\/primicias2262.com\/noticias\/wp-json\/wp\/v2\/categories?post=99886"},{"taxonomy":"post_tag","embeddable":true,"href":"https:\/\/primicias2262.com\/noticias\/wp-json\/wp\/v2\/tags?post=99886"}],"curies":[{"name":"wp","href":"https:\/\/api.w.org\/{rel}","templated":true}]}}