{"id":99889,"date":"2023-05-09T14:39:22","date_gmt":"2023-05-09T17:39:22","guid":{"rendered":"https:\/\/primicias2262.com\/?p=99889"},"modified":"2023-05-09T14:39:22","modified_gmt":"2023-05-09T17:39:22","slug":"alejandro-issin-asumira-este-viernes-como-gerente-general-de-la-upc","status":"publish","type":"post","link":"https:\/\/primicias2262.com\/noticias\/alejandro-issin-asumira-este-viernes-como-gerente-general-de-la-upc\/","title":{"rendered":"Alejandro Issin asumir\u00e1 este viernes como gerente general de la UPC"},"content":{"rendered":"<p><strong>En reemplazo de Roberto Rago, quien se jubila y le deja su lugar a quien ha sido su sucesor en reiteradas oportunidades.<\/strong><\/p>\n<p>El exconcejal, Alejandro Issin, fue nombrado por el Consejo de Administraci\u00f3n de la Usina Popular Copperativa, que preside Pilar Vitale, como nuevo gerente general de la instituci\u00f3n en reemplazo de Roberto Rago, quien se jubila, y acerca de ello se refiri\u00f3 Issin al aire de \u201cVoces de la Ciudad\u201d durante una nota realizada por el periodista Jorge G\u00f3mez.<\/p>\n<p>Issin, quien ya ha venido supliendo ese puesto y por ende lo conoce muy bien, manifest\u00f3 que \u201clo ven\u00eda reemplazando a Roberto (Rago) desde que \u00e9l fue diputado as\u00ed que la actividad la conozco, el Consejo (que preside Pilar Vitale) me ha encomendado que lo reemplace de manera definitiva a partir de su jubilaci\u00f3n que es este jueves 11, as\u00ed que el viernes estar\u00e9 asumiendo el cargo\u201d.<\/p>\n<p>\u201cLa impronta ser\u00e1 la de siempre, teniendo en claro que la facultad de administraci\u00f3n la conserva el Consejo y la gerencia lo que hace es coordinar y transmitir las decisiones del mismo a las diferentes \u00e1reas t\u00e9cnicas o administrativas de la empresa para aplicar las pol\u00edticas\u201d, sintetiz\u00f3.<\/p>\n<p>Asimismo, desde su \u00f3ptica puntualiz\u00f3 que \u201cen los tiempos que corren, donde las regulaciones en materia de servicios p\u00fablicos se han complejizado y potenciado al extremo, creo que mi profesi\u00f3n me dar\u00e1 una gran mano en ese sentido para poder coordinar las decisiones del Consejo con toda la normativa vigente, el marco regulatorio, los derechos del usuario y dem\u00e1s cuestiones para ayudar al Consejo en la toma de decisiones\u201d.<\/p>\n<p>Finalmente, G\u00f3mez le sugiri\u00f3 con este cargo le quedar\u00e1 poco tiempo para participar de alg\u00fan proyecto pol\u00edtico o aspirar a alguna precandidatura en este 2023 electoral, a lo que Issin confirm\u00f3 entre risas que \u201cesto (la gerencia) requiere dedicaci\u00f3n full time, no te alcanzan las 24 horas del d\u00eda\u201d.<\/p>\n","protected":false},"excerpt":{"rendered":"<p>En reemplazo de Roberto Rago, quien se jubila y le deja su lugar a quien ha sido su sucesor en reiteradas oportunidades. El exconcejal, Alejandro Issin, fue nombrado por el Consejo de Administraci\u00f3n de la Usina Popular Copperativa, que preside Pilar Vitale, como nuevo gerente general de la instituci\u00f3n en reemplazo de Roberto Rago, quien [&hellip;]<\/p>\n","protected":false},"author":3,"featured_media":78028,"comment_status":"closed","ping_status":"closed","sticky":false,"template":"","format":"standard","meta":{"footnotes":""},"categories":[3],"tags":[],"class_list":["post-99889","post","type-post","status-publish","format-standard","has-post-thumbnail","category-masnoticias"],"_links":{"self":[{"href":"https:\/\/primicias2262.com\/noticias\/wp-json\/wp\/v2\/posts\/99889","targetHints":{"allow":["GET"]}}],"collection":[{"href":"https:\/\/primicias2262.com\/noticias\/wp-json\/wp\/v2\/posts"}],"about":[{"href":"https:\/\/primicias2262.com\/noticias\/wp-json\/wp\/v2\/types\/post"}],"author":[{"embeddable":true,"href":"https:\/\/primicias2262.com\/noticias\/wp-json\/wp\/v2\/users\/3"}],"replies":[{"embeddable":true,"href":"https:\/\/primicias2262.com\/noticias\/wp-json\/wp\/v2\/comments?post=99889"}],"version-history":[{"count":0,"href":"https:\/\/primicias2262.com\/noticias\/wp-json\/wp\/v2\/posts\/99889\/revisions"}],"wp:attachment":[{"href":"https:\/\/primicias2262.com\/noticias\/wp-json\/wp\/v2\/media?parent=99889"}],"wp:term":[{"taxonomy":"category","embeddable":true,"href":"https:\/\/primicias2262.com\/noticias\/wp-json\/wp\/v2\/categories?post=99889"},{"taxonomy":"post_tag","embeddable":true,"href":"https:\/\/primicias2262.com\/noticias\/wp-json\/wp\/v2\/tags?post=99889"}],"curies":[{"name":"wp","href":"https:\/\/api.w.org\/{rel}","templated":true}]}}