{"id":99895,"date":"2023-05-09T15:50:08","date_gmt":"2023-05-09T18:50:08","guid":{"rendered":"https:\/\/primicias2262.com\/?p=99895"},"modified":"2023-05-09T15:50:08","modified_gmt":"2023-05-09T18:50:08","slug":"rojas-entrego-las-llaves-de-14-nuevos-patrulleros-a-la-jefatura-departamental","status":"publish","type":"post","link":"https:\/\/primicias2262.com\/noticias\/rojas-entrego-las-llaves-de-14-nuevos-patrulleros-a-la-jefatura-departamental\/","title":{"rendered":"Rojas entreg\u00f3 las llaves de 14 nuevos patrulleros a la Jefatura Departamental"},"content":{"rendered":"<p><strong>Este martes, el intendente Arturo Rojas se aperson\u00f3 en las puertas del Palacio Municipal para encabezar el acto de entrega de 14 m\u00f3viles patrulleros 0 kil\u00f3metro que, desde hoy mismo, formar\u00e1n parte de la flota permanente de la Jefatura Distrital de la Polic\u00eda Bonaerense en el partido de Necochea.<\/strong><\/p>\n<p>Previamente, el Jefe de la comuna mantuvo un encuentro con Guillermo Calvi\u00f1o, titular de la Subsecretar\u00eda de Fiscalizaci\u00f3n y Control Policial del Interior en el Ministerio de Seguridad de la Provincia de Buenos Aires, con quien dialogaron acerca de los convenios rubricados oportunamente y concordaron en mantener el contacto para estrechar el trabajo mancomunado.<\/p>\n<p><a href=\"https:\/\/primicias2262.com\/wp-content\/uploads\/2023\/05\/Foto-moviles-nuevos8.jpeg\"><img loading=\"lazy\" decoding=\"async\" class=\"aligncenter size-full wp-image-99903\" src=\"https:\/\/primicias2262.com\/wp-content\/uploads\/2023\/05\/Foto-moviles-nuevos8.jpeg\" alt=\"\" width=\"1600\" height=\"1066\" \/><\/a>Terminada la recorrida por la larga hilera de veh\u00edculos que se estacionaron frente a la Municipalidad, fueron el secretario de Gobierno, Jorge Mart\u00ednez; y el subsecretario de Prevenci\u00f3n y Monitoreo, \u00c1ngel V\u00e1zquez, quienes hablaron de esta importante gesti\u00f3n del Ejecutivo cristalizada en hechos.<\/p>\n<p>\u201cLa verdad que estamos muy contentos, son 14 m\u00f3viles que, a partir de ahora, van a prestar servicio en el Jefatura Distrital\u201d, certific\u00f3 el primero, revelando que esta entrega forma parte de una bater\u00eda de temas que se convinieron con la cartera provincial de Seguridad en encuentros previos.<\/p>\n\n<p>\u201cEste era uno de los compromisos asumidos por el Ministro (Sergio Berni) la semana pasada en la reuni\u00f3n que tuvimos con el se\u00f1or Intendente: el de dotar de nuevas unidades m\u00f3viles a la Polic\u00eda local\u201d, comenz\u00f3 revelando, para ahondar en una serie de puntos en la que se avanza para que el municipio pueda dar apoyo a las fuerzas de seguridad en la prevenci\u00f3n del delito.<\/p>\n<p><strong>Urrestarazu, nuevo Jefe<\/strong><\/p>\n<p>Luego de que el propio mandatario local procediera a entregar las llaves de las flamantes camionetas a los oficiales encargados de su traslado, tambi\u00e9n se pudo conocer que en el encuentro anterior en el despacho del primer piso se present\u00f3 al nuevo titular de la Jefatura Distrital, el comisario Mart\u00edn Urrestarazu, quien viene a suceder en el cargo al saliente Jorge Mastropierro.<\/p>\n<p><a href=\"https:\/\/primicias2262.com\/wp-content\/uploads\/2023\/05\/Foto-Urrestarazu2.jpeg\"><img loading=\"lazy\" decoding=\"async\" class=\"aligncenter size-full wp-image-99906\" src=\"https:\/\/primicias2262.com\/wp-content\/uploads\/2023\/05\/Foto-Urrestarazu2.jpeg\" alt=\"\" width=\"1600\" height=\"1066\" \/><\/a>\u201cUno de esos temas hablados fue el de oxigenar un poco la c\u00fapula policial, y a partir de hoy el comisario Mart\u00edn Urrestarazu se va a hacer cargo de la Departamental del distrito de Necochea\u201d, inform\u00f3 Mart\u00ednez. Otro de los pedidos fue el de mayor cantidad de efectivos, \u201cpor eso largamos una convocatoria para choferes de m\u00f3viles policiales y, al d\u00eda de la fecha, ya tenemos 159 inscriptos\u201d, de los que van a quedar unos 60 cuando ya tengan ex\u00e1menes y cursos aprobados.<\/p>\n<p><a href=\"https:\/\/primicias2262.com\/wp-content\/uploads\/2023\/05\/Foto-moviles-nuevos9.jpeg\"><img loading=\"lazy\" decoding=\"async\" class=\"aligncenter size-full wp-image-99904\" src=\"https:\/\/primicias2262.com\/wp-content\/uploads\/2023\/05\/Foto-moviles-nuevos9.jpeg\" alt=\"\" width=\"1600\" height=\"1066\" \/><\/a>Asimismo, se firm\u00f3 el convenio para la llegada de la Plataforma Multiagencial, \u201cque nos va a permitir tener un control sobre lo que pasa en la ciudad en cuanto al GPS de los m\u00f3viles y los llamados del 911. El despacho se va a hacer en la nueva sala de monitoreo que ya entr\u00f3 en funcionamiento\u201d y \u201cseguramente, entre el jueves y el viernes de la pr\u00f3xima semana, la estaremos inaugurando\u201d, revel\u00f3 el secretario de Gobierno.<\/p>\n<p>Al respecto, agreg\u00f3 que \u201cfaltan detalles, como algunas c\u00e1maras que todav\u00eda se est\u00e1n por poner en servicio o una serie de capacitaciones que vamos a recibir la pr\u00f3xima semana por parte de la empresa, y con eso empezar\u00eda a funcionar en plenitud\u201d.<\/p>\n<p><a href=\"https:\/\/primicias2262.com\/wp-content\/uploads\/2023\/05\/Foto-moviles-nuevos3.jpeg\"><img loading=\"lazy\" decoding=\"async\" class=\"aligncenter size-full wp-image-99898\" src=\"https:\/\/primicias2262.com\/wp-content\/uploads\/2023\/05\/Foto-moviles-nuevos3.jpeg\" alt=\"\" width=\"1600\" height=\"1200\" \/><\/a>Para completar este conjunto de pol\u00edticas p\u00fablicas que est\u00e1 implementando el municipio en materia de seguridad vecinal, \u201cen estos d\u00edas se va a estar terminando la obra de Caballer\u00eda, eso nos va a permitir tambi\u00e9n ampliar la cantidad de efectivos policiales\u201d, complet\u00f3 el secretario de Gobierno, asegurando que la llegada de los m\u00f3viles \u201cle viene a poner el broche de oro a este gran trabajo que venimos haciendo, porque era lo que necesit\u00e1bamos para que los oficiales de la Polic\u00eda puedan llegar a cada uno de los requerimientos\u201d en las 21 cuadr\u00edculas.<\/p>\n<p>Por su parte, V\u00e1zquez, quien form\u00f3 parte de la gran comitiva de funcionarios y concejales que se acercaron hasta el municipio para presenciar la llegada de los nuevos patrulleros, indic\u00f3 que \u201ceste es un d\u00eda muy especial para nosotros. Venimos haciendo este pedido desde hace un tiempo y hoy se ve cristalizado\u201d.<\/p>\n\n<p>Asimismo, explic\u00f3 que en la reuni\u00f3n previa con el nuevo titular de la Jefatura Distrital \u201cestuvimos charlando sobre la tranquilidad que esto va a traer\u201d y que, \u201cde ahora en m\u00e1s, vamos a tener algunas reuniones de trabajo para que con las c\u00e1maras que se instalen en el nuevo Centro de Monitoreo podamos mancomunar y optimizar los recursos para la atenci\u00f3n de los reclamos vecinales\u201d<\/p>\n","protected":false},"excerpt":{"rendered":"<p>Este martes, el intendente Arturo Rojas se aperson\u00f3 en las puertas del Palacio Municipal para encabezar el acto de entrega de 14 m\u00f3viles patrulleros 0 kil\u00f3metro que, desde hoy mismo, formar\u00e1n parte de la flota permanente de la Jefatura Distrital de la Polic\u00eda Bonaerense en el partido de Necochea. Previamente, el Jefe de la comuna [&hellip;]<\/p>\n","protected":false},"author":3,"featured_media":99896,"comment_status":"closed","ping_status":"closed","sticky":false,"template":"","format":"standard","meta":{"footnotes":""},"categories":[3],"tags":[],"class_list":["post-99895","post","type-post","status-publish","format-standard","has-post-thumbnail","category-masnoticias"],"_links":{"self":[{"href":"https:\/\/primicias2262.com\/noticias\/wp-json\/wp\/v2\/posts\/99895","targetHints":{"allow":["GET"]}}],"collection":[{"href":"https:\/\/primicias2262.com\/noticias\/wp-json\/wp\/v2\/posts"}],"about":[{"href":"https:\/\/primicias2262.com\/noticias\/wp-json\/wp\/v2\/types\/post"}],"author":[{"embeddable":true,"href":"https:\/\/primicias2262.com\/noticias\/wp-json\/wp\/v2\/users\/3"}],"replies":[{"embeddable":true,"href":"https:\/\/primicias2262.com\/noticias\/wp-json\/wp\/v2\/comments?post=99895"}],"version-history":[{"count":0,"href":"https:\/\/primicias2262.com\/noticias\/wp-json\/wp\/v2\/posts\/99895\/revisions"}],"wp:attachment":[{"href":"https:\/\/primicias2262.com\/noticias\/wp-json\/wp\/v2\/media?parent=99895"}],"wp:term":[{"taxonomy":"category","embeddable":true,"href":"https:\/\/primicias2262.com\/noticias\/wp-json\/wp\/v2\/categories?post=99895"},{"taxonomy":"post_tag","embeddable":true,"href":"https:\/\/primicias2262.com\/noticias\/wp-json\/wp\/v2\/tags?post=99895"}],"curies":[{"name":"wp","href":"https:\/\/api.w.org\/{rel}","templated":true}]}}