{"id":99912,"date":"2023-05-10T09:34:25","date_gmt":"2023-05-10T12:34:25","guid":{"rendered":"https:\/\/primicias2262.com\/?p=99912"},"modified":"2023-05-10T09:34:25","modified_gmt":"2023-05-10T12:34:25","slug":"dones-informo-sobre-una-serie-de-variadas-licitaciones-para-mayo-y-junio","status":"publish","type":"post","link":"https:\/\/primicias2262.com\/noticias\/dones-informo-sobre-una-serie-de-variadas-licitaciones-para-mayo-y-junio\/","title":{"rendered":"Dones inform\u00f3 sobre una serie de variadas licitaciones para mayo y junio"},"content":{"rendered":"<p><strong>El subsecretario de Obras P\u00fablicas, Lisandro Dones, fue entrevistado en \u201cVoces de la Ciudad\u201d por el periodista Jorge G\u00f3mez acerca de un programa de licitaciones a las que convocar\u00e1 la Municipalidad durante mayo y junio.<\/strong><\/p>\n<p>Habiendo transcurrido dos de ellas en los primeros d\u00edas del corriente mes, atinentes a arreglos en la Secretar\u00eda de Turismo y a obras de cloaca y agua en distintos puntos de la ciudad, la pr\u00f3xima apertura de sobres se anuncia para el mi\u00e9rcoles 17, y tiene que ver con la ejecuci\u00f3n de veredas de la Plaza Hip\u00f3lito Yrigoyen de Quequ\u00e9n, la cual \u201ces una deuda pendiente de hace mucho tiempo, culminando de esa manera la totalidad de la remodelaci\u00f3n de una plaza tan importante para Quequ\u00e9n, que va a quedar nueva\u201d, sintetiz\u00f3 el funcionario.<\/p>\n<p>A la semana siguiente, habr\u00e1 dos llamados para el lunes 22. Por un lado, a las 10 hs. la licitaci\u00f3n p\u00fablica n\u00ba 5\/23 por compra de 14 toneladas de granza para el mejoramiento de las arterias de la ciudad que ya est\u00e1n entoscadas; y a continuaci\u00f3n, desde las 12, la licitaci\u00f3n privada n\u00ba 16\/23 por adquisici\u00f3n de 3000 metros c\u00fabicos de tosca, material que se pone en la base de la calle, antes de la granza y que ayuda al mejoramiento de las calles y avenidas.<\/p>\n<p>Al otro d\u00eda, el martes 23 de mayo se realizar\u00e1 la licitaci\u00f3n privada n\u00ba 7\/23, concerniente a la obra de reformas internas de los CPA (Centro de Prevenci\u00f3n de Adicciones) de avenidas 75 y 59, para mejorarlos en su capacidad y ponerlos en valor.<\/p>\n<p>Asimismo, ya hay un cronograma para el mes siguiente. La primera ser\u00e1 el 5 de junio, la licitaci\u00f3n n\u00ba 13\/23 para el mantenimiento de los pozos de agua N\u00ba 1, 7 y 18, que engloba la limpieza, mantenimiento de motores, colocaci\u00f3n de tableros nuevos y el sistema el\u00e9ctrico, \u201clo cual es importante para mantener funcionando los casi 50 pozos que hay en funcionamiento\u201d, manifest\u00f3 Dones.<\/p>\n<p>Al d\u00eda siguiente, el 6 de junio se realizar\u00e1 la apertura de sobres para la licitaci\u00f3n n\u00ba 14\/23, muy esperada por el rubro comercial de la ciudad, ya que comprende la reforma de la zona comercial del centro, que por calle 61 entre 60 y 68: \u201cSe trata de un mejoramiento muy importante que no solo beneficia al ordenamiento urban\u00edstico sino por lo est\u00e9tico y est\u00e1 valuada en 38 millones de pesos con fondos municipales\u201d, revel\u00f3.<\/p>\n<p>Para el 7 de junio, se anuncia la licitaci\u00f3n n\u00ba 3\/23 por pintura vial, acerca de lo que Dones coment\u00f3 que \u201ces el material que nosotros usamos para hacer la demarcaci\u00f3n de las calles, la divisi\u00f3n de los carriles, las sendas peatonales y los cordones, algo que genera ordenamiento de veh\u00edculos en las calles de la ciudad, y es una cantidad importante para hacer toda la Diagonal San Mart\u00edn, la Av. 2, la 10 y dem\u00e1s\u201d.<\/p>\n<p>En tanto que, el 8 de junio, se desarrollar\u00e1 la licitaci\u00f3n n\u00ba 12\/23 por desag\u00fce pluvial en 86 y 75 a 82 y 67, que \u201ces una obra con fondos municipales por m\u00e1s de 25 millones de pesos y responde a un reclamo de vecinos de hace mucho tiempo que nos vienen reiterando, as\u00ed que por solicitud de Arturo (Rojas) nos pusimos a trabajar en el proyecto y despu\u00e9s de varios meses estamos saliendo a licitar\u201d, asegur\u00f3 Dones.<\/p>\n<p>&nbsp;<\/p>\n<p>Para concluir, el subsecretario de Obras P\u00fablicas acot\u00f3 que \u201cdespu\u00e9s se vienen varias m\u00e1s, se viene un paquete de licitaciones importante que va en l\u00ednea con el programa de obras que tiene Arturo destinadas para Necochea, Quequ\u00e9n y el distrito\u201d.<\/p>\n","protected":false},"excerpt":{"rendered":"<p>El subsecretario de Obras P\u00fablicas, Lisandro Dones, fue entrevistado en \u201cVoces de la Ciudad\u201d por el periodista Jorge G\u00f3mez acerca de un programa de licitaciones a las que convocar\u00e1 la Municipalidad durante mayo y junio. Habiendo transcurrido dos de ellas en los primeros d\u00edas del corriente mes, atinentes a arreglos en la Secretar\u00eda de Turismo [&hellip;]<\/p>\n","protected":false},"author":3,"featured_media":98041,"comment_status":"closed","ping_status":"closed","sticky":false,"template":"","format":"standard","meta":{"footnotes":""},"categories":[3],"tags":[],"class_list":["post-99912","post","type-post","status-publish","format-standard","has-post-thumbnail","category-masnoticias"],"_links":{"self":[{"href":"https:\/\/primicias2262.com\/noticias\/wp-json\/wp\/v2\/posts\/99912","targetHints":{"allow":["GET"]}}],"collection":[{"href":"https:\/\/primicias2262.com\/noticias\/wp-json\/wp\/v2\/posts"}],"about":[{"href":"https:\/\/primicias2262.com\/noticias\/wp-json\/wp\/v2\/types\/post"}],"author":[{"embeddable":true,"href":"https:\/\/primicias2262.com\/noticias\/wp-json\/wp\/v2\/users\/3"}],"replies":[{"embeddable":true,"href":"https:\/\/primicias2262.com\/noticias\/wp-json\/wp\/v2\/comments?post=99912"}],"version-history":[{"count":0,"href":"https:\/\/primicias2262.com\/noticias\/wp-json\/wp\/v2\/posts\/99912\/revisions"}],"wp:attachment":[{"href":"https:\/\/primicias2262.com\/noticias\/wp-json\/wp\/v2\/media?parent=99912"}],"wp:term":[{"taxonomy":"category","embeddable":true,"href":"https:\/\/primicias2262.com\/noticias\/wp-json\/wp\/v2\/categories?post=99912"},{"taxonomy":"post_tag","embeddable":true,"href":"https:\/\/primicias2262.com\/noticias\/wp-json\/wp\/v2\/tags?post=99912"}],"curies":[{"name":"wp","href":"https:\/\/api.w.org\/{rel}","templated":true}]}}