{"id":99914,"date":"2023-05-10T10:40:10","date_gmt":"2023-05-10T13:40:10","guid":{"rendered":"https:\/\/primicias2262.com\/?p=99914"},"modified":"2023-05-10T10:40:10","modified_gmt":"2023-05-10T13:40:10","slug":"con-talleres-y-capacitaciones-arranco-en-quequen-el-programa-nacional-construir-seguridad-ciudadana","status":"publish","type":"post","link":"https:\/\/primicias2262.com\/noticias\/con-talleres-y-capacitaciones-arranco-en-quequen-el-programa-nacional-construir-seguridad-ciudadana\/","title":{"rendered":"Con talleres y capacitaciones arranc\u00f3 en Quequ\u00e9n el programa nacional Construir Seguridad Ciudadana"},"content":{"rendered":"<p>El programa nacional Construir Seguridad Ciudadana, proveniente del Ministerio de Seguridad de la Naci\u00f3n, ya puso primera en el distrito y se present\u00f3 en la vecina Quequ\u00e9n, con el tr\u00e1iler de grandes dimensiones situado frente a la delegaci\u00f3n y mediante el cual se dictan los primeros talleres y capacitaciones destinadas preferentemente a alumnos y alumnas de establecimientos educativos, con abordaje directo sobre problem\u00e1ticas como el bullying, ciberbullying y grooming.<\/p>\n<p>El proyecto tuvo su apertura en la Escuela N\u00ba 25, en el que se present\u00f3 el creador del programa y director Nacional de Prevenci\u00f3n del Delito y las Violencias de la cartera nacional, licenciado Juan Cruz Giovannetti; el concejal y presidente del Frente de Todos, Mauro Vel\u00e1zquez -pre candidato a intendente de Necochea en 2023-, quien gestion\u00f3 la herramienta para nuestra ciudad, y representantes del arco educativo local.<\/p>\n<p>En una de las aulas de dicha escuela, y antes de la apertura del primer taller, el edil del Frente Renovador admiti\u00f3 que \u201ccon Juan Cruz dialogamos y armamos agenda para traer este programa debido al episodio que hubo de violencia inconstitucional contra una docente\u201d para a\u00f1adir que \u201cel Estado debe estar al lado de la gente y sus problemas, y esta es una muestra de ello y de que el trabajo en conjunto es indispensable\u201d.<\/p>\n<p>\u201cQueremos que los talleres lleguen, durante estos tres d\u00edas, a la mayor cantidad de estudiantes y docentes, y en ese sentido no dudamos que ser\u00e1 un \u00e9xito\u201d cerr\u00f3 el concejal.<\/p>\n<p>\u201cMauro me llam\u00f3 preocupado porque hab\u00edan golpeado a una docente, y me pregunt\u00f3 sobre este programa que busca erradicar las violencias y que brinda herramientas para una pronta resoluci\u00f3n de conflictos con el objeto de que no lleguen a mayores, siempre a trav\u00e9s de la palabra y el di\u00e1logo\u201d explic\u00f3 brevemente a su turno Giovannetti para que luego se de paso a la primera capacitaci\u00f3n.<\/p>\n<p>El programa, vale recordar, se replica este mi\u00e9rcoles en la Plaza Dardo Rocha de Necochea, frente al Colegio Nacional.<\/p>\n","protected":false},"excerpt":{"rendered":"<p>El programa nacional Construir Seguridad Ciudadana, proveniente del Ministerio de Seguridad de la Naci\u00f3n, ya puso primera en el distrito y se present\u00f3 en la vecina Quequ\u00e9n, con el tr\u00e1iler de grandes dimensiones situado frente a la delegaci\u00f3n y mediante el cual se dictan los primeros talleres y capacitaciones destinadas preferentemente a alumnos y alumnas [&hellip;]<\/p>\n","protected":false},"author":3,"featured_media":99915,"comment_status":"closed","ping_status":"closed","sticky":false,"template":"","format":"standard","meta":{"footnotes":""},"categories":[3],"tags":[],"class_list":["post-99914","post","type-post","status-publish","format-standard","has-post-thumbnail","category-masnoticias"],"_links":{"self":[{"href":"https:\/\/primicias2262.com\/noticias\/wp-json\/wp\/v2\/posts\/99914","targetHints":{"allow":["GET"]}}],"collection":[{"href":"https:\/\/primicias2262.com\/noticias\/wp-json\/wp\/v2\/posts"}],"about":[{"href":"https:\/\/primicias2262.com\/noticias\/wp-json\/wp\/v2\/types\/post"}],"author":[{"embeddable":true,"href":"https:\/\/primicias2262.com\/noticias\/wp-json\/wp\/v2\/users\/3"}],"replies":[{"embeddable":true,"href":"https:\/\/primicias2262.com\/noticias\/wp-json\/wp\/v2\/comments?post=99914"}],"version-history":[{"count":0,"href":"https:\/\/primicias2262.com\/noticias\/wp-json\/wp\/v2\/posts\/99914\/revisions"}],"wp:attachment":[{"href":"https:\/\/primicias2262.com\/noticias\/wp-json\/wp\/v2\/media?parent=99914"}],"wp:term":[{"taxonomy":"category","embeddable":true,"href":"https:\/\/primicias2262.com\/noticias\/wp-json\/wp\/v2\/categories?post=99914"},{"taxonomy":"post_tag","embeddable":true,"href":"https:\/\/primicias2262.com\/noticias\/wp-json\/wp\/v2\/tags?post=99914"}],"curies":[{"name":"wp","href":"https:\/\/api.w.org\/{rel}","templated":true}]}}