{"id":99931,"date":"2023-05-10T13:42:28","date_gmt":"2023-05-10T16:42:28","guid":{"rendered":"https:\/\/primicias2262.com\/?p=99931"},"modified":"2023-05-10T13:42:28","modified_gmt":"2023-05-10T16:42:28","slug":"este-jueves-habra-una-charla-sobre-el-concepto-de-convivialidad-en-el-ambito-escolar","status":"publish","type":"post","link":"https:\/\/primicias2262.com\/noticias\/este-jueves-habra-una-charla-sobre-el-concepto-de-convivialidad-en-el-ambito-escolar\/","title":{"rendered":"Este jueves habr\u00e1 una charla sobre el concepto de \u201cconvivialidad\u201d en el \u00e1mbito escolar"},"content":{"rendered":"<p><strong>Ser\u00e1 en la Sala de Sesiones del Concejo Deliberante a partir de las 18, en el marco del programa Concejo Cerca, y estar\u00e1 a cargo de Fernando Zullo.<\/strong><\/p>\n<p>El t\u00e9rmino de convivialidad no es com\u00fanmente usado y en la v\u00edspera de esta charla gratuita a la comunidad, pas\u00f3 por \u201cVoces de la Ciudad\u201d la docente Julieta Burgue\u00f1o, quien en charla con el periodista Jorge G\u00f3mez habl\u00f3 del concepto y de lo que se plantear\u00e1 este jueves.<\/p>\n<p>En primer lugar, bien vale definir que la convivialidad en el \u00e1mbito escolar es repensarnos co-habitando la escuela, con la diversidad de sujetos y situaciones.\u00a0 \u00bfC\u00f3mo construir liderazgo en nuestro desempe\u00f1o? \u00bfla convivialidad puede ser la alternativa para mejor estar en la escuela? El Magister Fernando Zullo propone formas alternativas para pensar la convivencia escolar.<\/p>\n<p>En ese sentido, Burgue\u00f1o resalt\u00f3 la predisposici\u00f3n del presidente del HCD, Guillermo S\u00e1nchez, para ubicar la charla en el marco de Concejo Cerca, y defini\u00f3 que \u201cFernando Zullo es un especialista en educaci\u00f3n, durante la pandemia se propusieron con su compa\u00f1era hacer un libro y este t\u00e9rmino de convivialidad parte de un concepto de los a\u00f1os \u201970, que ten\u00eda que ver con el cuidado del medio ambiente y c\u00f3mo vivimos dentro del planeta tierra, y lo utilizaron como algo novedoso para el \u00e1mbito de la educaci\u00f3n\u201d.<\/p>\n<p>Por consiguiente, explic\u00f3 que \u201cen educaci\u00f3n siempre hablamos de convivencia, pero la convivialidad va mucho m\u00e1s all\u00e1, es cohabitar en un mismo espacio con las diversidades de personas y sujetos que habitamos ese espacio\u201d, por ello, \u201cla propuesta desde el libro no es convocar solo a docentes, sino a oficinas, a un banco o a un centro de jubilados, por ejemplo. C\u00f3mo convivimos con otro que es diferente pero cuya mirada y trayectoria pueden aportarme y hacerme crecer, y se hace una rueda positiva de crecimiento mutuo\u201d, agreg\u00f3.<\/p>\n<p>En profundidad, Burgue\u00f1o diferenci\u00f3 que \u201cla convivencia tiene reglas para mantenerse dentro de un espacio, pero la convivialidad va un poco m\u00e1s all\u00e1 porque adem\u00e1s de convivir, tu forma de pensar o ideolog\u00eda probablemente sea diferente a la m\u00eda, pero aun as\u00ed tenemos que conformar un equipo de trabajo y hacer que el barco en el que estamos vaya a buen puerto, y esas son las propuestas que traer\u00e1 Fernando ma\u00f1ana\u201d.<\/p>\n","protected":false},"excerpt":{"rendered":"<p>Ser\u00e1 en la Sala de Sesiones del Concejo Deliberante a partir de las 18, en el marco del programa Concejo Cerca, y estar\u00e1 a cargo de Fernando Zullo. El t\u00e9rmino de convivialidad no es com\u00fanmente usado y en la v\u00edspera de esta charla gratuita a la comunidad, pas\u00f3 por \u201cVoces de la Ciudad\u201d la docente [&hellip;]<\/p>\n","protected":false},"author":3,"featured_media":99932,"comment_status":"closed","ping_status":"closed","sticky":false,"template":"","format":"standard","meta":{"footnotes":""},"categories":[3],"tags":[],"class_list":["post-99931","post","type-post","status-publish","format-standard","has-post-thumbnail","category-masnoticias"],"_links":{"self":[{"href":"https:\/\/primicias2262.com\/noticias\/wp-json\/wp\/v2\/posts\/99931","targetHints":{"allow":["GET"]}}],"collection":[{"href":"https:\/\/primicias2262.com\/noticias\/wp-json\/wp\/v2\/posts"}],"about":[{"href":"https:\/\/primicias2262.com\/noticias\/wp-json\/wp\/v2\/types\/post"}],"author":[{"embeddable":true,"href":"https:\/\/primicias2262.com\/noticias\/wp-json\/wp\/v2\/users\/3"}],"replies":[{"embeddable":true,"href":"https:\/\/primicias2262.com\/noticias\/wp-json\/wp\/v2\/comments?post=99931"}],"version-history":[{"count":0,"href":"https:\/\/primicias2262.com\/noticias\/wp-json\/wp\/v2\/posts\/99931\/revisions"}],"wp:attachment":[{"href":"https:\/\/primicias2262.com\/noticias\/wp-json\/wp\/v2\/media?parent=99931"}],"wp:term":[{"taxonomy":"category","embeddable":true,"href":"https:\/\/primicias2262.com\/noticias\/wp-json\/wp\/v2\/categories?post=99931"},{"taxonomy":"post_tag","embeddable":true,"href":"https:\/\/primicias2262.com\/noticias\/wp-json\/wp\/v2\/tags?post=99931"}],"curies":[{"name":"wp","href":"https:\/\/api.w.org\/{rel}","templated":true}]}}