{"id":99952,"date":"2023-05-11T13:55:12","date_gmt":"2023-05-11T16:55:12","guid":{"rendered":"https:\/\/primicias2262.com\/?p=99952"},"modified":"2023-05-11T13:55:12","modified_gmt":"2023-05-11T16:55:12","slug":"nueva-necochea-hacia-las-paso-no-me-quiero-apresurar-con-la-lista-no-estamos-para-improvisaciones","status":"publish","type":"post","link":"https:\/\/primicias2262.com\/noticias\/nueva-necochea-hacia-las-paso-no-me-quiero-apresurar-con-la-lista-no-estamos-para-improvisaciones\/","title":{"rendered":"Nueva Necochea hacia las PASO: \u201cNo me quiero apresurar con la lista, no estamos para improvisaciones\u201d"},"content":{"rendered":"<p><strong>Con cautela al aire de \u201cVoces de la Ciudad\u201d, as\u00ed lo anticip\u00f3 el intendente Arturo Rojas, quien durante una extensa nota realizada por el periodista Jorge G\u00f3mez tambi\u00e9n se hizo espacio para charlar sobre el a\u00f1o electoral y la actualidad de la econom\u00eda municipal.<\/strong><\/p>\n<p>Respecto a la parte pol\u00edtica, el intendente Arturo Rojas confirm\u00f3 nuevamente (por si alguien dudaba aun) que se ratific\u00f3 la boleta corta de Nueva Necochea para las PASO y la lista 895, pero al pregunt\u00e1rsele puntualmente por si tiene los nombres de toda la lista asever\u00f3 que \u201cen parte s\u00ed y en parte no\u2026 no me quiero apresurar ni adelantar, todav\u00eda faltan un par de semanas y las definiciones se tienen que dar el 24 de junio\u201d.<\/p>\n<p><a href=\"https:\/\/primicias2262.com\/wp-content\/uploads\/2023\/03\/arturo-rojas-777.jpeg\"><img loading=\"lazy\" decoding=\"async\" class=\"aligncenter size-full wp-image-98329\" src=\"https:\/\/primicias2262.com\/wp-content\/uploads\/2023\/03\/arturo-rojas-777.jpeg\" alt=\"\" width=\"1024\" height=\"768\" \/><\/a><\/p>\n<p>De todas formas, el l\u00edder de Nueva Necochea dej\u00f3 un mensaje bien claro para adentro y para afuera: \u201cEs un momento y un contexto donde precisamos seguir sumando experiencia a la lista, as\u00ed que va haber gente con experiencia, manejo, b\u00fasqueda de consenso y gente que sepa de lo que tiene que hablar al momento de presentar alg\u00fan proyecto, no estamos para improvisaciones, as\u00ed que la idea es mostrarnos lo m\u00e1s preparados posible con la gente que integre la lista\u201d.<\/p>\n<p><strong>\u201cLa gente me va a juzgar por c\u00f3mo estemos gobernando, no por c\u00f3mo prometamos\u201d<\/strong><\/p>\n<p>En cuanto a la estrategia de cara a agosto, revel\u00f3 que \u201cla idea nuestra ser\u00e1 mostrar lo que hicimos, refrescar la memoria, de d\u00f3nde arrancamos y qu\u00e9 es lo que estamos haciendo, de eso se va a tratar la campa\u00f1a hasta las PASO. A partir de all\u00ed mi principal objetivo es todos los d\u00edas mejorar la agenda institucional y hacer que las obras vayan avanzando, ser\u00e1 la clave porque yo tengo la obligaci\u00f3n de gobernar y la gente me va a juzgar por c\u00f3mo estemos gobernado, no por lo que estemos prometiendo o presentando a futuro\u201d.<\/p>\n<p>En tanto, mirando a las elecciones generales de octubre, si bien falta mucho, manifest\u00f3 que \u201cseguramente estemos planteando algunos objetivos de lo que pretendemos, en el caso de que la gente nos elija por los pr\u00f3ximos cuatro a\u00f1os, hablaremos de cu\u00e1les son las bases que hemos sentado y qu\u00e9 es lo que hay que potenciar en el segundo mandato\u201d.<\/p>\n<p>De todas maneras, no dej\u00f3 de soslayar que \u201ceste fue un periodo anormal, primero por la situaci\u00f3n econ\u00f3mica y de abandono con que nos toc\u00f3 recibir el municipio, y a los pocos meses la pandemia donde se paralizaron todas las actividades, y aun as\u00ed, cuando uno hace un balance de todo lo que ha pasado en este tiempo, hemos avanzado en much\u00edsimos aspectos como obras, generaci\u00f3n de empleo o nuevos espacios de salud\u201d.<\/p>\n<p>Finalmente, Arturo dedic\u00f3 un p\u00e1rrafo a la econom\u00eda local, siempre atada por supuesto al contexto nacional, y en tal sentido expres\u00f3 que si bien han logrado un ordenamiento a nivel local, \u201cse empiezan a prender luces de alerta porque la situaci\u00f3n nacional no ayuda a \u00e9ste ni a ning\u00fan municipio, ni a ninguna provincia. La inflaci\u00f3n obliga permanentemente a ir recortando y ajustando gastos de presupuesto que ten\u00edas, y te hace rever. El tema econ\u00f3mico es d\u00eda a d\u00eda, y en ese aspecto agradezco a los vecinos por el esfuerzo que hacen aportando con sus tasas, que hoy se ve en obras y servicios, y en poder sostener la infraestructura que el Estado municipal tiene, estamos siendo muy cuidadosos con los recursos y si no tuvi\u00e9ramos esos recursos de parte de los vecinos se complicar\u00eda mucho m\u00e1s las obras que tenemos proyectadas\u201d.<\/p>\n","protected":false},"excerpt":{"rendered":"<p>Con cautela al aire de \u201cVoces de la Ciudad\u201d, as\u00ed lo anticip\u00f3 el intendente Arturo Rojas, quien durante una extensa nota realizada por el periodista Jorge G\u00f3mez tambi\u00e9n se hizo espacio para charlar sobre el a\u00f1o electoral y la actualidad de la econom\u00eda municipal. Respecto a la parte pol\u00edtica, el intendente Arturo Rojas confirm\u00f3 nuevamente [&hellip;]<\/p>\n","protected":false},"author":3,"featured_media":99962,"comment_status":"closed","ping_status":"closed","sticky":false,"template":"","format":"standard","meta":{"footnotes":""},"categories":[3],"tags":[],"class_list":["post-99952","post","type-post","status-publish","format-standard","has-post-thumbnail","category-masnoticias"],"_links":{"self":[{"href":"https:\/\/primicias2262.com\/noticias\/wp-json\/wp\/v2\/posts\/99952","targetHints":{"allow":["GET"]}}],"collection":[{"href":"https:\/\/primicias2262.com\/noticias\/wp-json\/wp\/v2\/posts"}],"about":[{"href":"https:\/\/primicias2262.com\/noticias\/wp-json\/wp\/v2\/types\/post"}],"author":[{"embeddable":true,"href":"https:\/\/primicias2262.com\/noticias\/wp-json\/wp\/v2\/users\/3"}],"replies":[{"embeddable":true,"href":"https:\/\/primicias2262.com\/noticias\/wp-json\/wp\/v2\/comments?post=99952"}],"version-history":[{"count":0,"href":"https:\/\/primicias2262.com\/noticias\/wp-json\/wp\/v2\/posts\/99952\/revisions"}],"wp:attachment":[{"href":"https:\/\/primicias2262.com\/noticias\/wp-json\/wp\/v2\/media?parent=99952"}],"wp:term":[{"taxonomy":"category","embeddable":true,"href":"https:\/\/primicias2262.com\/noticias\/wp-json\/wp\/v2\/categories?post=99952"},{"taxonomy":"post_tag","embeddable":true,"href":"https:\/\/primicias2262.com\/noticias\/wp-json\/wp\/v2\/tags?post=99952"}],"curies":[{"name":"wp","href":"https:\/\/api.w.org\/{rel}","templated":true}]}}