{"id":99953,"date":"2023-05-11T13:36:44","date_gmt":"2023-05-11T16:36:44","guid":{"rendered":"https:\/\/primicias2262.com\/?p=99953"},"modified":"2023-05-11T13:36:44","modified_gmt":"2023-05-11T16:36:44","slug":"ya-funciona-el-centro-de-monitoreo-pero-se-siguen-sumando-detalles-y-se-inauguraria-la-semana-venidera","status":"publish","type":"post","link":"https:\/\/primicias2262.com\/noticias\/ya-funciona-el-centro-de-monitoreo-pero-se-siguen-sumando-detalles-y-se-inauguraria-la-semana-venidera\/","title":{"rendered":"Ya funciona el Centro de Monitoreo pero se siguen sumando detalles y se inaugurar\u00eda la semana venidera"},"content":{"rendered":"<p><strong>As\u00ed lo dej\u00f3 entrever en \u201cVoces de la Ciudad\u201d el intendente Arturo Rojas, quien durante una nota con el periodista Jorge G\u00f3mez enumer\u00f3 las medidas de seguridad en las que se viene avanzando a nivel local para atacar una problem\u00e1tica que se agudiza.<\/strong><\/p>\n<p>En primer t\u00e9rmino se refiri\u00f3 a la flamante sala del COM (Centro Operativo de Monitoeo), en Av. 58 entre 65 y 67, que se inaugurar\u00eda la semana venidera pero que ya est\u00e1 funcionando: \u201cHay detalles que se van a ir sumando, unas c\u00e1maras m\u00e1s que se est\u00e1n instalando, capacitaciones que vienen por parte de la empresa y la puesta en funcionamiento de la multiagencia, que hace que sea m\u00e1s que una sala de monitoreo\u201d, subray\u00f3 Rojas.<\/p>\n\n<p>Es decir, \u201cpor un lado est\u00e1 la sala de monitoreo, pero adem\u00e1s poder tener el despacho del 911 nuevamente en nuestra ciudad, y la firma del convenio nos permite que el despachante pueda hacer la derivaci\u00f3n en nuestra sala de monitoreo de lo que est\u00e9 sucediendo y determinar si al llamado del 911 por una emergencia tiene que acudir la polic\u00eda, Defensa Civil, una ambulancia o lo que fuere\u201d, destac\u00f3.<\/p>\n<p>Ello hace que se acorten los tiempos de los llamados, \u201cya que el despacho se hace en Mar del Plata y eso trae demora, as\u00ed que con esto se va a ganar tiempo y cercan\u00eda\u201d, diferenci\u00f3 Rojas, para agregar que \u201ca su vez es muy importante tener un control con GPS en vivo de d\u00f3nde est\u00e1n circulando los m\u00f3viles policiales, las ambulancias y los veh\u00edculos municipales. Todo es importante para poder controlar el accionar y a la hora de ir a hacer un reclamo puntual a la Provincia\u201d.<\/p>\n\n<p>Finalmente, enumer\u00f3 en materia de seguridad \u201cla posibilidad de sumar estas 14 camionetas para cubrir las cuadr\u00edculas (las cuales fueron presentadas esta semana); la convocatoria para que se sumen 60 motoristas civiles a poder conducir las patrullas policiales y el avance con la caballer\u00eda, que nos va a permitir traer m\u00e1s efectivos policiales para coordinar y trabajar en conjunto, m\u00e1s all\u00e1 de que la competencia de seguridad le corresponda a la Provincia\u201d.<\/p>\n","protected":false},"excerpt":{"rendered":"<p>As\u00ed lo dej\u00f3 entrever en \u201cVoces de la Ciudad\u201d el intendente Arturo Rojas, quien durante una nota con el periodista Jorge G\u00f3mez enumer\u00f3 las medidas de seguridad en las que se viene avanzando a nivel local para atacar una problem\u00e1tica que se agudiza. En primer t\u00e9rmino se refiri\u00f3 a la flamante sala del COM (Centro [&hellip;]<\/p>\n","protected":false},"author":3,"featured_media":99955,"comment_status":"closed","ping_status":"closed","sticky":false,"template":"","format":"standard","meta":{"footnotes":""},"categories":[3],"tags":[],"class_list":["post-99953","post","type-post","status-publish","format-standard","has-post-thumbnail","category-masnoticias"],"_links":{"self":[{"href":"https:\/\/primicias2262.com\/noticias\/wp-json\/wp\/v2\/posts\/99953","targetHints":{"allow":["GET"]}}],"collection":[{"href":"https:\/\/primicias2262.com\/noticias\/wp-json\/wp\/v2\/posts"}],"about":[{"href":"https:\/\/primicias2262.com\/noticias\/wp-json\/wp\/v2\/types\/post"}],"author":[{"embeddable":true,"href":"https:\/\/primicias2262.com\/noticias\/wp-json\/wp\/v2\/users\/3"}],"replies":[{"embeddable":true,"href":"https:\/\/primicias2262.com\/noticias\/wp-json\/wp\/v2\/comments?post=99953"}],"version-history":[{"count":0,"href":"https:\/\/primicias2262.com\/noticias\/wp-json\/wp\/v2\/posts\/99953\/revisions"}],"wp:attachment":[{"href":"https:\/\/primicias2262.com\/noticias\/wp-json\/wp\/v2\/media?parent=99953"}],"wp:term":[{"taxonomy":"category","embeddable":true,"href":"https:\/\/primicias2262.com\/noticias\/wp-json\/wp\/v2\/categories?post=99953"},{"taxonomy":"post_tag","embeddable":true,"href":"https:\/\/primicias2262.com\/noticias\/wp-json\/wp\/v2\/tags?post=99953"}],"curies":[{"name":"wp","href":"https:\/\/api.w.org\/{rel}","templated":true}]}}