{"id":99954,"date":"2023-05-11T13:39:04","date_gmt":"2023-05-11T16:39:04","guid":{"rendered":"https:\/\/primicias2262.com\/?p=99954"},"modified":"2023-05-11T13:39:04","modified_gmt":"2023-05-11T16:39:04","slug":"rojas-anuncio-la-radicacion-de-industrias-y-concesionarias-y-se-expreso-a-favor-de-la-exploracion-petrolifera","status":"publish","type":"post","link":"https:\/\/primicias2262.com\/noticias\/rojas-anuncio-la-radicacion-de-industrias-y-concesionarias-y-se-expreso-a-favor-de-la-exploracion-petrolifera\/","title":{"rendered":"Rojas anunci\u00f3 la radicaci\u00f3n de industrias y concesionarias y se expres\u00f3 a favor de la exploraci\u00f3n petrol\u00edfera"},"content":{"rendered":"<p><strong>En una charla con diversos matices en \u201cVoces de la Ciudad\u201d con el periodista Jorge G\u00f3mez, el intendente de Necochea abord\u00f3 la parte productiva y realiz\u00f3 importantes anuncios, adem\u00e1s de manifestarse nuevamente a favor del proyecto de exploraci\u00b4pon y explotaci\u00f3n de petr\u00f3leo que podr\u00eda beneficiar al distrito.<\/strong><\/p>\n<p>Primeramente ech\u00f3 algo m\u00e1s de luz sobre la industria maltera que tiene casi todo listo para instalarse en la ciudad. \u201cEs muy importante porque es la radicaci\u00f3n de una industria en nuestra ciudad, lo que va a significar inversi\u00f3n y fuentes de trabajo, valor agregado a la producci\u00f3n primaria y exportaci\u00f3n de productos elaborados en nuestro puerto a nivel mundial, y estamos hablando de una inversi\u00f3n importante, ya avanzaron en la compra de la tierra, escrituraron y est\u00e1n avanzando en torno a una sociedad, porque son tres empresas que se dedicar\u00e1n a \u00a0la producci\u00f3n de la cebada y la malta\u201d.<\/p>\n<p>El Intendente mostr\u00f3 una nueva mirada acerca de este tema, al se\u00f1alar que \u201ca veces cuando han querido venir industrias a radicarse en vez de encontrar un Estado que les abriera las puerta, se las cerraba\u201d, pero ahora \u201cesta industria es un hecho y ya se har\u00e1 el anuncio correspondiente, pero est\u00e1n avanzando a paso firme. La primera etapa, que ser\u00e1 la construcci\u00f3n, demandar\u00e1 m\u00e1s de 120 millones de d\u00f3lares, lo que va a generar muchas fuentes de empleo\u201d, valor\u00f3.<\/p>\n<p>En simult\u00e1neo a esto, afirm\u00f3 que \u201cno es casual que tambi\u00e9n haya concesionarias, las oficiales de marcas de autos, que se est\u00e1n radicando de manera oficial en nuestro distrito, como Toyota, Volkswagen o Ford, y es muy importante tambi\u00e9n por la generaci\u00f3n de empleo y para darle importancia al mundo privado\u201d.<\/p>\n<p>En ese marco, Rojas asegur\u00f3 que \u201cdentro del Estado las competencias son much\u00edsimas, pero lo principal tiene que ver con ir acompa\u00f1ando al sector privado, generando las condiciones para que haya inversiones genuinas, y lo hacemos desde micro cr\u00e9ditos y capacitaciones a los peque\u00f1os emprendedores o los medianos, acompa\u00f1\u00e1ndolos en sus emprendimientos, hasta tambi\u00e9n los sectores productivos, con gestiones de herramientas que hay de parte de Provincia y Naci\u00f3n, como sucedi\u00f3 por ejemplo con lo productivo, tur\u00edstico y cultural durante la pandemia\u201d.<\/p>\n<p>Por supuesto Rojas considera que el crecimiento no debe ser individual, y al respecto recdord\u00f3 que \u201ctambi\u00e9n es clave que estamos trabajando una agenda conjunta con los intendentes de la regi\u00f3n, para trabajar puntos en com\u00fan\u2026 entendemos que Necochea tiene que ser el motor del crecimiento y desarrollo tur\u00edstico y productivo de la regi\u00f3n, que es algo que nos est\u00e1n solicitando los distintos intendentes y esperando hace mucho tiempo, y creo que est\u00e1n dadas las condiciones para poder avanzar en ese sentido\u201d.<\/p>\n<p><strong>Postura a favor de la exploraci\u00f3n petrol\u00edfera en el mar<\/strong><\/p>\n<p>En cuanto a lo que excede a una decisi\u00f3n del gobierno local, el Intendente de Necochea fue consultado nuevamente sobre su postura acerca del proyecto del gobierno nacional de exploraci\u00f3n y explotaci\u00f3n petrol\u00edfera a nivel mar\u00edtimo, y en eso no dud\u00f3 al resaltar que \u201ccuando vino la Secretar\u00eda de Energ\u00eda de la Naci\u00f3n la primera reuni\u00f3n la tuvieron en el despacho nuestro, hablando del avance de este tema, porque si esto se da como se viene planificando y como est\u00e1n las expectativas, va a ser un cambio en toda la matriz productiva, energ\u00e9tica y econ\u00f3mica no solo de la regi\u00f3n, sino del pa\u00eds, y nosotros lo tenemos que aprovechar\u201d.<\/p>\n<p>Acot\u00f3 al respecto que \u201cteniendo el puerto m\u00e1s profundo de Argentina y teniendo la posibilidad de en muy pocos minutos estar en ultramar, tenemos que sumarnos a algo que va a ser muy grande\u201d, y si bien por infraestructura, la principal plataforma est\u00e1 anunciada para Mar del Plata, \u201cnosotros tenemos una porci\u00f3n importante para sumar y hoy veo con buena voluntad a diferentes sectores que se empiezan a mostrar a favor, como en su momento tambi\u00e9n hubo c\u00e1maras empresariales para manifestarse a favor del tema\u2026 si esto sucede creo que va a ser un cambio muy importante para el cual tenemos que estar preparados\u201d, concluy\u00f3.<\/p>\n","protected":false},"excerpt":{"rendered":"<p>En una charla con diversos matices en \u201cVoces de la Ciudad\u201d con el periodista Jorge G\u00f3mez, el intendente de Necochea abord\u00f3 la parte productiva y realiz\u00f3 importantes anuncios, adem\u00e1s de manifestarse nuevamente a favor del proyecto de exploraci\u00b4pon y explotaci\u00f3n de petr\u00f3leo que podr\u00eda beneficiar al distrito. Primeramente ech\u00f3 algo m\u00e1s de luz sobre la [&hellip;]<\/p>\n","protected":false},"author":3,"featured_media":99383,"comment_status":"closed","ping_status":"closed","sticky":false,"template":"","format":"standard","meta":{"footnotes":""},"categories":[3],"tags":[],"class_list":["post-99954","post","type-post","status-publish","format-standard","has-post-thumbnail","category-masnoticias"],"_links":{"self":[{"href":"https:\/\/primicias2262.com\/noticias\/wp-json\/wp\/v2\/posts\/99954","targetHints":{"allow":["GET"]}}],"collection":[{"href":"https:\/\/primicias2262.com\/noticias\/wp-json\/wp\/v2\/posts"}],"about":[{"href":"https:\/\/primicias2262.com\/noticias\/wp-json\/wp\/v2\/types\/post"}],"author":[{"embeddable":true,"href":"https:\/\/primicias2262.com\/noticias\/wp-json\/wp\/v2\/users\/3"}],"replies":[{"embeddable":true,"href":"https:\/\/primicias2262.com\/noticias\/wp-json\/wp\/v2\/comments?post=99954"}],"version-history":[{"count":0,"href":"https:\/\/primicias2262.com\/noticias\/wp-json\/wp\/v2\/posts\/99954\/revisions"}],"wp:attachment":[{"href":"https:\/\/primicias2262.com\/noticias\/wp-json\/wp\/v2\/media?parent=99954"}],"wp:term":[{"taxonomy":"category","embeddable":true,"href":"https:\/\/primicias2262.com\/noticias\/wp-json\/wp\/v2\/categories?post=99954"},{"taxonomy":"post_tag","embeddable":true,"href":"https:\/\/primicias2262.com\/noticias\/wp-json\/wp\/v2\/tags?post=99954"}],"curies":[{"name":"wp","href":"https:\/\/api.w.org\/{rel}","templated":true}]}}