{"id":99970,"date":"2023-05-11T10:01:24","date_gmt":"2023-05-11T13:01:24","guid":{"rendered":"https:\/\/primicias2262.com\/?p=99970"},"modified":"2023-05-11T10:01:24","modified_gmt":"2023-05-11T13:01:24","slug":"elecciones-2023-tiempo-de-profesionalizar-cargos-politicos","status":"publish","type":"post","link":"https:\/\/primicias2262.com\/noticias\/elecciones-2023-tiempo-de-profesionalizar-cargos-politicos\/","title":{"rendered":"Elecciones 2023: Tiempo de profesionalizar cargos pol\u00edticos"},"content":{"rendered":"<p>En una nueva entrega de su editorial en \u00abVoces de la Ciudad\u00bb por el a\u00f1o electoral, el periodista Jorge G\u00f3mez pone la lupa en esta ocasi\u00f3n sobre la necesidad de la profesionalizaci\u00f3n de quienes aspiren a los cargos pol\u00edticos.<\/p>\n<p><iframe loading=\"lazy\" title=\"Tiempo de profesionalizar los cargos pol\u00edticos.\" width=\"696\" height=\"392\" src=\"https:\/\/www.youtube.com\/embed\/wKzrSb5tX9c?feature=oembed\" frameborder=\"0\" allow=\"accelerometer; autoplay; clipboard-write; encrypted-media; gyroscope; picture-in-picture; web-share\" allowfullscreen><\/iframe><\/p>\n","protected":false},"excerpt":{"rendered":"<p>En una nueva entrega de su editorial en \u00abVoces de la Ciudad\u00bb por el a\u00f1o electoral, el periodista Jorge G\u00f3mez pone la lupa en esta ocasi\u00f3n sobre la necesidad de la profesionalizaci\u00f3n de quienes aspiren a los cargos pol\u00edticos.<\/p>\n","protected":false},"author":3,"featured_media":71352,"comment_status":"closed","ping_status":"closed","sticky":false,"template":"","format":"standard","meta":{"footnotes":""},"categories":[3],"tags":[],"class_list":["post-99970","post","type-post","status-publish","format-standard","has-post-thumbnail","category-masnoticias"],"_links":{"self":[{"href":"https:\/\/primicias2262.com\/noticias\/wp-json\/wp\/v2\/posts\/99970","targetHints":{"allow":["GET"]}}],"collection":[{"href":"https:\/\/primicias2262.com\/noticias\/wp-json\/wp\/v2\/posts"}],"about":[{"href":"https:\/\/primicias2262.com\/noticias\/wp-json\/wp\/v2\/types\/post"}],"author":[{"embeddable":true,"href":"https:\/\/primicias2262.com\/noticias\/wp-json\/wp\/v2\/users\/3"}],"replies":[{"embeddable":true,"href":"https:\/\/primicias2262.com\/noticias\/wp-json\/wp\/v2\/comments?post=99970"}],"version-history":[{"count":0,"href":"https:\/\/primicias2262.com\/noticias\/wp-json\/wp\/v2\/posts\/99970\/revisions"}],"wp:attachment":[{"href":"https:\/\/primicias2262.com\/noticias\/wp-json\/wp\/v2\/media?parent=99970"}],"wp:term":[{"taxonomy":"category","embeddable":true,"href":"https:\/\/primicias2262.com\/noticias\/wp-json\/wp\/v2\/categories?post=99970"},{"taxonomy":"post_tag","embeddable":true,"href":"https:\/\/primicias2262.com\/noticias\/wp-json\/wp\/v2\/tags?post=99970"}],"curies":[{"name":"wp","href":"https:\/\/api.w.org\/{rel}","templated":true}]}}