{"id":99991,"date":"2023-05-12T11:00:02","date_gmt":"2023-05-12T14:00:02","guid":{"rendered":"https:\/\/primicias2262.com\/?p=99991"},"modified":"2023-05-12T11:00:02","modified_gmt":"2023-05-12T14:00:02","slug":"seguir-transformando-san-cayetano-gargaglione-abre-su-nuevo-local-partidario","status":"publish","type":"post","link":"https:\/\/primicias2262.com\/noticias\/seguir-transformando-san-cayetano-gargaglione-abre-su-nuevo-local-partidario\/","title":{"rendered":"\u201cSeguir transformando San Cayetano\u201d: Gargaglione abre su nuevo local partidario"},"content":{"rendered":"<p><strong>La apertura ser\u00e1 este lunes 15 de mayo a partir de las 20, bajo la consigna \u201c#UCRconMiguel, sigamos transformando San Cayetano\u201d, y de cara a las elecciones PASO de agosto, donde el Intendente actual tendr\u00e1 un competidor.<\/strong><\/p>\n<p>En di\u00e1logo con el periodista Jorge G\u00f3mez para \u201cVoces de la Ciudad\u201d, el intendente de San Cayetano, Miguel Gargaglione, anunci\u00f3 la apertura del nuevo local partidario de la Uni\u00f3n C\u00edvica Radical y asegur\u00f3 que \u201cestoy muy bien en lo personal, en el sentido de querer seguir transformando San Cayetano, uno a\u00f1o tras a\u00f1o tiene nuevas ideas y eso hace al futuro de San Cayetano, y lo vamos a plasmar en esta campa\u00f1a\u201d.<\/p>\n<p>Argument\u00f3 seguidamente que \u201ces casi un hecho que habr\u00e1 dos listas para ir a las PASO, son dos listas casi puramente radicales dentro de Juntos por el Cambio, por eso es que hemos alquilado un nuevo local donde antes era un sal\u00f3n de fiestas y en el que haremos base por lo menos hasta el 14 de agosto, esperando los resultados de las primarias y despu\u00e9s veremos c\u00f3mo seguimos\u201d.<\/p>\n<p>Al hacer menci\u00f3n de dos listas, Gargaglione se refer\u00eda al espacio antag\u00f3nico que ha conformado el Dr. Mart\u00edn Hauri, y consultado sobre la frase de si el contrapoder aparece desde adentro, Gargaglione se\u00f1al\u00f3 que \u201cen un momento dado un grupo de funcionarios quiso empezar una renovaci\u00f3n, que es una palabra muy amplia, porque ac\u00e1 lo m\u00e1s importante es que se renueven las ideas y que los hombres tengan la impronta de ir innovando permanentemente y volcando su experiencia, pero tenemos muchas diferencias (con el grupo de Hauri) y el lanzamiento de ellos fue cuando todav\u00eda no estaba corregida la ley de la re reelecci\u00f3n que ten\u00eda un error, naci\u00f3 de ah\u00ed y siguen adelante con sus ideas\u201d.<\/p>\n\n<p>Pero \u201cnosotros estamos muy bien como gobierno, mantenemos la empat\u00eda con la gente y hemos salido muy bien en encuestas que se han realizado el a\u00f1o pasado y este a\u00f1o\u201d, asegur\u00f3 Gargaglione, aunque manifest\u00f3 que \u201cde todas maneras no vamos a subestimar a nadie, tenemos que hacer nuestra campa\u00f1a y nuestras propuestas y seguir mostrando la gesti\u00f3n, que es el fuerte m\u00e1s importante que tenemos\u201d.<\/p>\n<p>Por lo pronto, \u201cel lunes abriremos las puertas del nuevo espacio, estar\u00e1n correligionarios, amigos e inclusive gente que no es de nuestro partido, y a partir de ah\u00ed se fijar\u00e1 una metodolog\u00eda de di\u00e1logo e ideas\u201d, acot\u00f3 el Intendente, para concluir que \u201cmuchas veces es importante tener la mirada del que no est\u00e1 en el d\u00eda a d\u00eda del gobierno y la ve de afuera, por ah\u00ed ve cosas que nosotros no vemos, as\u00ed que estamos en condiciones de hacer una muy buena campa\u00f1a y trabajar en debates internos para seguir mejorando\u201d.<\/p>\n<p>&nbsp;<\/p>\n","protected":false},"excerpt":{"rendered":"<p>La apertura ser\u00e1 este lunes 15 de mayo a partir de las 20, bajo la consigna \u201c#UCRconMiguel, sigamos transformando San Cayetano\u201d, y de cara a las elecciones PASO de agosto, donde el Intendente actual tendr\u00e1 un competidor. En di\u00e1logo con el periodista Jorge G\u00f3mez para \u201cVoces de la Ciudad\u201d, el intendente de San Cayetano, Miguel [&hellip;]<\/p>\n","protected":false},"author":3,"featured_media":77805,"comment_status":"closed","ping_status":"closed","sticky":false,"template":"","format":"standard","meta":{"footnotes":""},"categories":[5],"tags":[],"class_list":{"0":"post-99991","1":"post","2":"type-post","3":"status-publish","4":"format-standard","5":"has-post-thumbnail","7":"category-neco"},"_links":{"self":[{"href":"https:\/\/primicias2262.com\/noticias\/wp-json\/wp\/v2\/posts\/99991","targetHints":{"allow":["GET"]}}],"collection":[{"href":"https:\/\/primicias2262.com\/noticias\/wp-json\/wp\/v2\/posts"}],"about":[{"href":"https:\/\/primicias2262.com\/noticias\/wp-json\/wp\/v2\/types\/post"}],"author":[{"embeddable":true,"href":"https:\/\/primicias2262.com\/noticias\/wp-json\/wp\/v2\/users\/3"}],"replies":[{"embeddable":true,"href":"https:\/\/primicias2262.com\/noticias\/wp-json\/wp\/v2\/comments?post=99991"}],"version-history":[{"count":0,"href":"https:\/\/primicias2262.com\/noticias\/wp-json\/wp\/v2\/posts\/99991\/revisions"}],"wp:featuredmedia":[{"embeddable":true,"href":"https:\/\/primicias2262.com\/noticias\/wp-json\/"}],"wp:attachment":[{"href":"https:\/\/primicias2262.com\/noticias\/wp-json\/wp\/v2\/media?parent=99991"}],"wp:term":[{"taxonomy":"category","embeddable":true,"href":"https:\/\/primicias2262.com\/noticias\/wp-json\/wp\/v2\/categories?post=99991"},{"taxonomy":"post_tag","embeddable":true,"href":"https:\/\/primicias2262.com\/noticias\/wp-json\/wp\/v2\/tags?post=99991"}],"curies":[{"name":"wp","href":"https:\/\/api.w.org\/{rel}","templated":true}]}}