{"id":99996,"date":"2023-05-12T11:12:12","date_gmt":"2023-05-12T14:12:12","guid":{"rendered":"https:\/\/primicias2262.com\/?p=99996"},"modified":"2023-05-12T11:12:12","modified_gmt":"2023-05-12T14:12:12","slug":"martin-migueles-participo-de-la-cena-anual-del-instituto-republica-junto-a-larreta-y-santilli","status":"publish","type":"post","link":"https:\/\/primicias2262.com\/noticias\/martin-migueles-participo-de-la-cena-anual-del-instituto-republica-junto-a-larreta-y-santilli\/","title":{"rendered":"Mart\u00edn Migueles particip\u00f3 de la cena anual del Instituto Rep\u00fablica junto a Larreta y Santilli"},"content":{"rendered":"<p><strong>El precandidato a intendente de Necochea por el frente Juntos, Mart\u00edn Migueles, particip\u00f3 de la cena anual del Instituto Rep\u00fablica, acompa\u00f1ado de varios de los principales referentes del espacio y con la presencia de los candidatos a presidente de la Naci\u00f3n y gobernador de la provincia de Buenos Aires, Horacio Rodr\u00edguez Larreta y Diego Santilli, respectivamente.<\/strong><\/p>\n<p><a href=\"https:\/\/primicias2262.com\/wp-content\/uploads\/2023\/05\/migueles-santilli-2.jpg\"><img loading=\"lazy\" decoding=\"async\" class=\"alignleft size-medium wp-image-99999\" src=\"https:\/\/primicias2262.com\/wp-content\/uploads\/2023\/05\/migueles-santilli-2-225x300.jpg\" alt=\"\" width=\"225\" height=\"300\" \/><\/a>Uno de los temas principales del encuentro fue la importancia de la educaci\u00f3n, sobre lo que Diego Santilli asegur\u00f3 que es el \u00fanico camino para salir adelante, mientras que Migueles hizo referencia al tema de la seguridad, indicando que los intendentes que se hacen cargo de este flagelo, disminuyen el delito en sus municipios. Precisamente, la cena cont\u00f3 con la presencia tambi\u00e9n de intendentes de varios municipios en los que gobierna Juntos por el Cambio y legisladores del espacio.<\/p>\n<p>En el encuentro, adem\u00e1s, se destac\u00f3 la importancia de los puertos bonaerenses, incluyendo al de Quequ\u00e9n, para tener una provincia pujante, mientras que la falta de empleo y la necesidad de generar pol\u00edticas para cambiar esa situaci\u00f3n en los distritos bonaerenses fue otro de los temas salientes del encuentro.<\/p>\n<p>Adem\u00e1s de Migueles, otros necochenses que estuvieron en la velada fueron Juan Pablo Sain y Martin Dom\u00ednguez Yelpo; adem\u00e1s de las presencias del referente Toty Flores y el director del Instituto Rep\u00fablica, Jos\u00e9 Luis Acevedo.<\/p>\n<p><a href=\"https:\/\/primicias2262.com\/wp-content\/uploads\/2023\/05\/cena-I-Republica.jpg\"><img loading=\"lazy\" decoding=\"async\" class=\"aligncenter size-full wp-image-99997\" src=\"https:\/\/primicias2262.com\/wp-content\/uploads\/2023\/05\/cena-I-Republica.jpg\" alt=\"\" width=\"1024\" height=\"768\" \/><\/a><\/p>\n","protected":false},"excerpt":{"rendered":"<p>El precandidato a intendente de Necochea por el frente Juntos, Mart\u00edn Migueles, particip\u00f3 de la cena anual del Instituto Rep\u00fablica, acompa\u00f1ado de varios de los principales referentes del espacio y con la presencia de los candidatos a presidente de la Naci\u00f3n y gobernador de la provincia de Buenos Aires, Horacio Rodr\u00edguez Larreta y Diego Santilli, [&hellip;]<\/p>\n","protected":false},"author":3,"featured_media":99998,"comment_status":"closed","ping_status":"closed","sticky":false,"template":"","format":"standard","meta":{"footnotes":""},"categories":[3],"tags":[],"class_list":["post-99996","post","type-post","status-publish","format-standard","has-post-thumbnail","category-masnoticias"],"_links":{"self":[{"href":"https:\/\/primicias2262.com\/noticias\/wp-json\/wp\/v2\/posts\/99996","targetHints":{"allow":["GET"]}}],"collection":[{"href":"https:\/\/primicias2262.com\/noticias\/wp-json\/wp\/v2\/posts"}],"about":[{"href":"https:\/\/primicias2262.com\/noticias\/wp-json\/wp\/v2\/types\/post"}],"author":[{"embeddable":true,"href":"https:\/\/primicias2262.com\/noticias\/wp-json\/wp\/v2\/users\/3"}],"replies":[{"embeddable":true,"href":"https:\/\/primicias2262.com\/noticias\/wp-json\/wp\/v2\/comments?post=99996"}],"version-history":[{"count":0,"href":"https:\/\/primicias2262.com\/noticias\/wp-json\/wp\/v2\/posts\/99996\/revisions"}],"wp:attachment":[{"href":"https:\/\/primicias2262.com\/noticias\/wp-json\/wp\/v2\/media?parent=99996"}],"wp:term":[{"taxonomy":"category","embeddable":true,"href":"https:\/\/primicias2262.com\/noticias\/wp-json\/wp\/v2\/categories?post=99996"},{"taxonomy":"post_tag","embeddable":true,"href":"https:\/\/primicias2262.com\/noticias\/wp-json\/wp\/v2\/tags?post=99996"}],"curies":[{"name":"wp","href":"https:\/\/api.w.org\/{rel}","templated":true}]}}